{"id":14380,"date":"2017-02-14T16:27:26","date_gmt":"2017-02-14T16:27:26","guid":{"rendered":"http:\/\/www.ecuadoraldia.com.ec\/?p=14380"},"modified":"2017-02-14T16:27:26","modified_gmt":"2017-02-14T16:27:26","slug":"ecuador-busca-aumentar-las-exportaciones-a-el-salvador","status":"publish","type":"post","link":"https:\/\/www.ecuadoraldia.com.ec\/?p=14380","title":{"rendered":"Ecuador busca aumentar las exportaciones a El Salvador"},"content":{"rendered":"<p style=\"text-align: justify;\"><a href=\"http:\/\/www.ecuadoraldia.com.ec\/wp-content\/uploads\/2017\/02\/acuerdo-salvador.jpg\" rel=\"attachment wp-att-14381\"><img loading=\"lazy\" decoding=\"async\" class=\"alignleft size-medium wp-image-14381\" src=\"http:\/\/www.ecuadoraldia.com.ec\/wp-content\/uploads\/2017\/02\/acuerdo-salvador-300x193.jpg\" alt=\"acuerdo salvador\" width=\"300\" height=\"193\" srcset=\"https:\/\/www.ecuadoraldia.com.ec\/wp-content\/uploads\/2017\/02\/acuerdo-salvador-300x193.jpg 300w, https:\/\/www.ecuadoraldia.com.ec\/wp-content\/uploads\/2017\/02\/acuerdo-salvador-768x493.jpg 768w, https:\/\/www.ecuadoraldia.com.ec\/wp-content\/uploads\/2017\/02\/acuerdo-salvador.jpg 800w\" sizes=\"(max-width: 300px) 100vw, 300px\" \/><\/a>Juan Carlos Cassinelli, ministro de Comercio Exterior, expres\u00f3 que entre el 2014 y el 2015, las exportaciones ecuatorianas no petroleras se incrementaron en el 60% y que el acuerdo permitir\u00e1 potenciar ese crecimiento en aproximadamente 20%.<\/p>\n<p style=\"text-align: justify;\">El comercio bilateral, seg\u00fan Luz Rodr\u00edguez, viceministra de Econom\u00eda de El Salvador, en el 2016 fue de $ 50 millones.<\/p>\n<p style=\"text-align: justify;\">Flores, l\u00ednea blanca, cer\u00e1mica, medicamentos, derivados del cacao son algunos de los productos ecuatorianos con potencial en la naci\u00f3n centroamericana, que aspira a llegar con calzado de pl\u00e1stico, n\u00e9ctar, bolsas de papel, confecci\u00f3n y chatarras met\u00e1licas.<\/p>\n<p style=\"text-align: justify;\">Actualmente Ecuador ya es proveedor de cocinas, fregaderos, lavabos y rosas, que ingresar\u00e1n sin aranceles de manera inmediata con la suscripci\u00f3n del documento.<\/p>\n<p style=\"text-align: justify;\">Para Cassinelli, el acuerdo promueve la producci\u00f3n ambientalmente limpia e incorpora a la econom\u00eda popular y solidaria y a las micro, peque\u00f1as y medianas empresas.<\/p>\n<p style=\"text-align: justify;\">En total 207 productos ecuatorianos se beneficiar\u00e1n de preferencias arancelarias. De ellos, 50 corresponder\u00e1n al sector agr\u00edcola y 157 a bienes industrializados.<\/p>\n<p style=\"text-align: justify;\">El Salvador representa un mercado de m\u00e1s de 6 millones de habitantes y, a juicio de Daniel Legarda, de Fedexpor, representa un potencial de crecimiento exportable.<\/p>\n<p style=\"text-align: justify;\">El tr\u00e1mite para la ratificaci\u00f3n del acuerdo comercial continuar\u00e1 en la Corte Constitucional, mencion\u00f3 Cassinelli. (I) Fuente el Universo.<\/p>\n","protected":false},"excerpt":{"rendered":"<p>Juan Carlos Cassinelli, ministro de Comercio Exterior, expres\u00f3 que entre el 2014 y el 2015, las exportaciones ecuatorianas no petroleras<\/p>\n","protected":false},"author":1,"featured_media":14381,"comment_status":"open","ping_status":"open","sticky":false,"template":"","format":"standard","meta":{"footnotes":""},"categories":[9],"tags":[],"_links":{"self":[{"href":"https:\/\/www.ecuadoraldia.com.ec\/index.php?rest_route=\/wp\/v2\/posts\/14380"}],"collection":[{"href":"https:\/\/www.ecuadoraldia.com.ec\/index.php?rest_route=\/wp\/v2\/posts"}],"about":[{"href":"https:\/\/www.ecuadoraldia.com.ec\/index.php?rest_route=\/wp\/v2\/types\/post"}],"author":[{"embeddable":true,"href":"https:\/\/www.ecuadoraldia.com.ec\/index.php?rest_route=\/wp\/v2\/users\/1"}],"replies":[{"embeddable":true,"href":"https:\/\/www.ecuadoraldia.com.ec\/index.php?rest_route=%2Fwp%2Fv2%2Fcomments&post=14380"}],"version-history":[{"count":1,"href":"https:\/\/www.ecuadoraldia.com.ec\/index.php?rest_route=\/wp\/v2\/posts\/14380\/revisions"}],"predecessor-version":[{"id":14382,"href":"https:\/\/www.ecuadoraldia.com.ec\/index.php?rest_route=\/wp\/v2\/posts\/14380\/revisions\/14382"}],"wp:featuredmedia":[{"embeddable":true,"href":"https:\/\/www.ecuadoraldia.com.ec\/index.php?rest_route=\/wp\/v2\/media\/14381"}],"wp:attachment":[{"href":"https:\/\/www.ecuadoraldia.com.ec\/index.php?rest_route=%2Fwp%2Fv2%2Fmedia&parent=14380"}],"wp:term":[{"taxonomy":"category","embeddable":true,"href":"https:\/\/www.ecuadoraldia.com.ec\/index.php?rest_route=%2Fwp%2Fv2%2Fcategories&post=14380"},{"taxonomy":"post_tag","embeddable":true,"href":"https:\/\/www.ecuadoraldia.com.ec\/index.php?rest_route=%2Fwp%2Fv2%2Ftags&post=14380"}],"curies":[{"name":"wp","href":"https:\/\/api.w.org\/{rel}","templated":true}]}}