{"id":14384,"date":"2017-02-15T21:04:18","date_gmt":"2017-02-15T21:04:18","guid":{"rendered":"http:\/\/www.ecuadoraldia.com.ec\/?p=14384"},"modified":"2017-02-15T21:06:14","modified_gmt":"2017-02-15T21:06:14","slug":"operadora-de-turismo-de-cuenca-denuncia-atropello-por-parte-de-la-ant","status":"publish","type":"post","link":"https:\/\/www.ecuadoraldia.com.ec\/?p=14384","title":{"rendered":"Operadora de Turismo OPENAT denuncia Atropello  de la ANT y CTE"},"content":{"rendered":"<figure id=\"attachment_14385\" aria-describedby=\"caption-attachment-14385\" style=\"width: 300px\" class=\"wp-caption alignleft\"><a href=\"http:\/\/www.ecuadoraldia.com.ec\/wp-content\/uploads\/2017\/02\/jenny-sarmiento-2.jpg\" rel=\"attachment wp-att-14385\"><img loading=\"lazy\" decoding=\"async\" class=\"size-medium wp-image-14385\" src=\"http:\/\/www.ecuadoraldia.com.ec\/wp-content\/uploads\/2017\/02\/jenny-sarmiento-2-300x164.jpg\" alt=\"La sra. Jenny sarmiento de OPANAT\" width=\"300\" height=\"164\" srcset=\"https:\/\/www.ecuadoraldia.com.ec\/wp-content\/uploads\/2017\/02\/jenny-sarmiento-2-300x164.jpg 300w, https:\/\/www.ecuadoraldia.com.ec\/wp-content\/uploads\/2017\/02\/jenny-sarmiento-2.jpg 724w\" sizes=\"(max-width: 300px) 100vw, 300px\" \/><\/a><figcaption id=\"caption-attachment-14385\" class=\"wp-caption-text\">La sra. Jenny sarmiento de OPANAT<\/figcaption><\/figure>\n<p style=\"text-align: justify;\">La Gerenta de la Cooperativa de Transporte de Turismo \u201cOPENAT\u201d de Cuenca, Jenny Sarmiento Campoverde, lleg\u00f3 a la Ciudad de Quito, este martes 15 de febrero, para denunciar ante los medios de Comunicaci\u00f3n, la serie de atropellos que las autoridades de tr\u00e1nsito de la provincia del Azuay cometen en contra de su operadora.<\/p>\n<p style=\"text-align: justify;\">Sarmiento dijo que los agentes de tr\u00e1nsito\u00a0 de la CTE, realizan operativos a lo largo de la v\u00eda Cuenca Guayaquil, impidiendo\u00a0 el traslado de usuarios de esa modalidad de Transporte. Sostuvo que constante mente los usuarios son obligados a bajarse de las unidades incluso con amenazas.<\/p>\n<p style=\"text-align: justify;\">Tambi\u00e9n se\u00f1al\u00f3 que las Furgonetas, son decomisadas y llevadas a los patios de retenci\u00f3n por m\u00e1s de tres meses oblig\u00e1ndoles a pagar multas exageradas.<\/p>\n<p style=\"text-align: justify;\">La dirigente enfatiz\u00f3 que en reiteradas ocasiones los choferes de esta cooperativa (OPENAT) son maltratados, por lo que han acudido ante los medios a denunciar estos atropellos, porque las autoridades se hacen de la \u201cvista gorda\u201d.<\/p>\n<p style=\"text-align: justify;\">Ni \u00a0la Agencia Nacional de Tr\u00e1nsito, ANT y a la Comisi\u00f3n de Tr\u00e1nsito del Ecuador, CTE, tramitan sus denuncias, porque existe complicidad con los dirigentes del Transporte Interprovincial, para no permitirles operar, pese a tener los permisos que la misma ANT les otorg\u00f3.<\/p>\n<p style=\"text-align: justify;\">Para Sarmiento la transportaci\u00f3n en la provincia se ha convertido en un monopolio.<\/p>\n<p style=\"text-align: justify;\">Se\u00f1al\u00f3 que el trabajo que ellos realizan en sus 15 unidades (Furgonetas), es netamente de traslado de turistas de hoteles y gente en particular que solicita sus servicios.<\/p>\n<p style=\"text-align: justify;\">\u201cNosotros hacemos transporte destino \u2013 origen sin recoger pasajeros en carretera\u201d, sin embargo no entendemos por qu\u00e9, no se nos permite realizar nuestro trabajo\u201d, enfatiz\u00f3.<\/p>\n<p style=\"text-align: justify;\">Amparada en\u00a0 lo que determina la Constituci\u00f3n y la Ley sarmiento reclama el derecho al trabajo digno, ya que detr\u00e1s de cada unidad hay una familia que depende de dichos ingresos.<\/p>\n<p style=\"text-align: justify;\">La lucha seguir\u00e1 hasta que las autoridades de este y el pr\u00f3ximo gobierno den una soluci\u00f3n a sus planteamientos y entiendan la necesidad que tienen los ciudadanos de buscar una fuente de ingreso por cualquier medio l\u00edcito para la manutenci\u00f3n de sus familias. (I)<\/p>\n","protected":false},"excerpt":{"rendered":"<p>La Gerenta de la Cooperativa de Transporte de Turismo \u201cOPENAT\u201d de Cuenca, Jenny Sarmiento Campoverde, lleg\u00f3 a la Ciudad de<\/p>\n","protected":false},"author":1,"featured_media":14385,"comment_status":"open","ping_status":"open","sticky":false,"template":"","format":"standard","meta":{"footnotes":""},"categories":[1],"tags":[],"_links":{"self":[{"href":"https:\/\/www.ecuadoraldia.com.ec\/index.php?rest_route=\/wp\/v2\/posts\/14384"}],"collection":[{"href":"https:\/\/www.ecuadoraldia.com.ec\/index.php?rest_route=\/wp\/v2\/posts"}],"about":[{"href":"https:\/\/www.ecuadoraldia.com.ec\/index.php?rest_route=\/wp\/v2\/types\/post"}],"author":[{"embeddable":true,"href":"https:\/\/www.ecuadoraldia.com.ec\/index.php?rest_route=\/wp\/v2\/users\/1"}],"replies":[{"embeddable":true,"href":"https:\/\/www.ecuadoraldia.com.ec\/index.php?rest_route=%2Fwp%2Fv2%2Fcomments&post=14384"}],"version-history":[{"count":3,"href":"https:\/\/www.ecuadoraldia.com.ec\/index.php?rest_route=\/wp\/v2\/posts\/14384\/revisions"}],"predecessor-version":[{"id":14388,"href":"https:\/\/www.ecuadoraldia.com.ec\/index.php?rest_route=\/wp\/v2\/posts\/14384\/revisions\/14388"}],"wp:featuredmedia":[{"embeddable":true,"href":"https:\/\/www.ecuadoraldia.com.ec\/index.php?rest_route=\/wp\/v2\/media\/14385"}],"wp:attachment":[{"href":"https:\/\/www.ecuadoraldia.com.ec\/index.php?rest_route=%2Fwp%2Fv2%2Fmedia&parent=14384"}],"wp:term":[{"taxonomy":"category","embeddable":true,"href":"https:\/\/www.ecuadoraldia.com.ec\/index.php?rest_route=%2Fwp%2Fv2%2Fcategories&post=14384"},{"taxonomy":"post_tag","embeddable":true,"href":"https:\/\/www.ecuadoraldia.com.ec\/index.php?rest_route=%2Fwp%2Fv2%2Ftags&post=14384"}],"curies":[{"name":"wp","href":"https:\/\/api.w.org\/{rel}","templated":true}]}}