{"id":14389,"date":"2017-02-15T21:41:25","date_gmt":"2017-02-15T21:41:25","guid":{"rendered":"http:\/\/www.ecuadoraldia.com.ec\/?p=14389"},"modified":"2017-02-15T21:43:57","modified_gmt":"2017-02-15T21:43:57","slug":"presidenta-de-la-asamblea-denuncia-atentado-en-su-contra","status":"publish","type":"post","link":"https:\/\/www.ecuadoraldia.com.ec\/?p=14389","title":{"rendered":"Presidenta de la Asamblea denuncia atentado en su contra"},"content":{"rendered":"<p>&nbsp;<\/p>\n<figure id=\"attachment_14390\" aria-describedby=\"caption-attachment-14390\" style=\"width: 300px\" class=\"wp-caption alignleft\"><a href=\"http:\/\/www.ecuadoraldia.com.ec\/wp-content\/uploads\/2017\/02\/rueda_de_prensa_atentado.jpg\" rel=\"attachment wp-att-14390\"><img loading=\"lazy\" decoding=\"async\" class=\"size-medium wp-image-14390\" src=\"http:\/\/www.ecuadoraldia.com.ec\/wp-content\/uploads\/2017\/02\/rueda_de_prensa_atentado-300x200.jpg\" alt=\"En la gr\u00e1fica la titular de la Asamblea y un grupo de colegas de AP\" width=\"300\" height=\"200\" srcset=\"https:\/\/www.ecuadoraldia.com.ec\/wp-content\/uploads\/2017\/02\/rueda_de_prensa_atentado-300x200.jpg 300w, https:\/\/www.ecuadoraldia.com.ec\/wp-content\/uploads\/2017\/02\/rueda_de_prensa_atentado.jpg 640w\" sizes=\"(max-width: 300px) 100vw, 300px\" \/><\/a><figcaption id=\"caption-attachment-14390\" class=\"wp-caption-text\">En la gr\u00e1fica la titular de la Asamblea y un grupo de colegas de AP<\/figcaption><\/figure>\n<p style=\"text-align: justify;\">Mi\u00e9rcoles, 15 de febrero del 2017 &#8211; La Presidenta de la Asamblea Nacional, Gabriela Rivadeneira, rechaz\u00f3 el intento de atentado en su contra perpetuado el d\u00eda de hoy, y cualquier acto violento, especialmente en \u00e9poca de campa\u00f1a electoral.<\/p>\n<p style=\"text-align: justify;\">Despu\u00e9s de una licencia para realizar su campa\u00f1a electoral, la titular del Legislativo convoc\u00f3 a una reuni\u00f3n del Consejo de Administraci\u00f3n Legislativa, para calificar algunos proyectos, entre ellos uno de car\u00e1cter econ\u00f3mico urgente. Durante la sesi\u00f3n, Rivadeneira recibi\u00f3 en su despacho un sobre sellado sin remitente dirigido a ella, que conten\u00eda un CD que result\u00f3 ser un artefacto explosivo de mediano alcance y capacidad letal, seg\u00fan el informe preliminar entregado por el Grupo de Intervenci\u00f3n y Rescate (GIR).<\/p>\n<p style=\"text-align: justify;\">Luego de la intervenci\u00f3n de la Polic\u00eda Judicial, Criminal\u00edstica y la Unidad Anti Explosivos, el caso ya se encuentra en manos de Fiscal\u00eda para su esclarecimiento, dentro de las 24 horas de flagrancia. \u201cIndependientemente de cualquier diferencia pol\u00edtica, lo que debe primar es la vida y el respeto a la integridad del ser humano. Rechazo todo tipo de violencia, en contra de cualquier persona, independientemente de su afiliaci\u00f3n pol\u00edtica\u201d, asegur\u00f3 Rivadeneira.<\/p>\n<p style=\"text-align: justify;\">Agreg\u00f3 que \u201cen la pol\u00edtica no hay enemigos sino adversarios, y en ese contexto hago un llamado a la convivencia pac\u00edfica. No hablo solo Presidenta o como pol\u00edtica, sino como ciudadana\u201d.<\/p>\n<p style=\"text-align: justify;\">Finalmente, Gabriela Rivadeneira hizo un llamado a todas las fuerzas pol\u00edticas para evitar cualquier tipo de confrontaci\u00f3n violenta. \u201cEn ning\u00fan caso puede justificarse la violencia, y menos cuando se trata de la pol\u00edtica como herramienta de di\u00e1logo y de construcci\u00f3n ciudadana, porque para eso es la pol\u00edtica, para construir en la diferencia\u201d, dijo. Fuente Sala de Prensa de la Asamblea.<\/p>\n<p style=\"text-align: justify;\"><a href=\"http:\/\/www.ecuadoraldia.com.ec\/wp-content\/uploads\/2017\/02\/CD-bomba.jpg\" rel=\"attachment wp-att-14393\"><img loading=\"lazy\" decoding=\"async\" class=\"alignleft size-medium wp-image-14393\" src=\"http:\/\/www.ecuadoraldia.com.ec\/wp-content\/uploads\/2017\/02\/CD-bomba-300x225.jpg\" alt=\"CD bomba\" width=\"300\" height=\"225\" srcset=\"https:\/\/www.ecuadoraldia.com.ec\/wp-content\/uploads\/2017\/02\/CD-bomba-300x225.jpg 300w, https:\/\/www.ecuadoraldia.com.ec\/wp-content\/uploads\/2017\/02\/CD-bomba-768x576.jpg 768w, https:\/\/www.ecuadoraldia.com.ec\/wp-content\/uploads\/2017\/02\/CD-bomba-1024x768.jpg 1024w, https:\/\/www.ecuadoraldia.com.ec\/wp-content\/uploads\/2017\/02\/CD-bomba.jpg 1200w\" sizes=\"(max-width: 300px) 100vw, 300px\" \/><\/a><\/p>\n","protected":false},"excerpt":{"rendered":"<p>&nbsp; Mi\u00e9rcoles, 15 de febrero del 2017 &#8211; La Presidenta de la Asamblea Nacional, Gabriela Rivadeneira, rechaz\u00f3 el intento de<\/p>\n","protected":false},"author":1,"featured_media":14390,"comment_status":"open","ping_status":"open","sticky":false,"template":"","format":"standard","meta":{"footnotes":""},"categories":[1],"tags":[],"_links":{"self":[{"href":"https:\/\/www.ecuadoraldia.com.ec\/index.php?rest_route=\/wp\/v2\/posts\/14389"}],"collection":[{"href":"https:\/\/www.ecuadoraldia.com.ec\/index.php?rest_route=\/wp\/v2\/posts"}],"about":[{"href":"https:\/\/www.ecuadoraldia.com.ec\/index.php?rest_route=\/wp\/v2\/types\/post"}],"author":[{"embeddable":true,"href":"https:\/\/www.ecuadoraldia.com.ec\/index.php?rest_route=\/wp\/v2\/users\/1"}],"replies":[{"embeddable":true,"href":"https:\/\/www.ecuadoraldia.com.ec\/index.php?rest_route=%2Fwp%2Fv2%2Fcomments&post=14389"}],"version-history":[{"count":3,"href":"https:\/\/www.ecuadoraldia.com.ec\/index.php?rest_route=\/wp\/v2\/posts\/14389\/revisions"}],"predecessor-version":[{"id":14394,"href":"https:\/\/www.ecuadoraldia.com.ec\/index.php?rest_route=\/wp\/v2\/posts\/14389\/revisions\/14394"}],"wp:featuredmedia":[{"embeddable":true,"href":"https:\/\/www.ecuadoraldia.com.ec\/index.php?rest_route=\/wp\/v2\/media\/14390"}],"wp:attachment":[{"href":"https:\/\/www.ecuadoraldia.com.ec\/index.php?rest_route=%2Fwp%2Fv2%2Fmedia&parent=14389"}],"wp:term":[{"taxonomy":"category","embeddable":true,"href":"https:\/\/www.ecuadoraldia.com.ec\/index.php?rest_route=%2Fwp%2Fv2%2Fcategories&post=14389"},{"taxonomy":"post_tag","embeddable":true,"href":"https:\/\/www.ecuadoraldia.com.ec\/index.php?rest_route=%2Fwp%2Fv2%2Ftags&post=14389"}],"curies":[{"name":"wp","href":"https:\/\/api.w.org\/{rel}","templated":true}]}}