{"id":14417,"date":"2017-02-20T13:19:28","date_gmt":"2017-02-20T13:19:28","guid":{"rendered":"http:\/\/www.ecuadoraldia.com.ec\/?p=14417"},"modified":"2017-02-20T13:44:36","modified_gmt":"2017-02-20T13:44:36","slug":"los-resultados-oficiales-totales-del-cne-seran-anunciadoa-a-las-10horas-de-hoy","status":"publish","type":"post","link":"https:\/\/www.ecuadoraldia.com.ec\/?p=14417","title":{"rendered":"Los resultados oficiales ser\u00e1n anunciados a las 10horas de hoy por el CNE"},"content":{"rendered":"<figure id=\"attachment_14418\" aria-describedby=\"caption-attachment-14418\" style=\"width: 300px\" class=\"wp-caption alignleft\"><a href=\"http:\/\/www.ecuadoraldia.com.ec\/wp-content\/uploads\/2017\/02\/duo.jpg\" rel=\"attachment wp-att-14418\"><img loading=\"lazy\" decoding=\"async\" class=\"size-medium wp-image-14418\" src=\"http:\/\/www.ecuadoraldia.com.ec\/wp-content\/uploads\/2017\/02\/duo-300x300.jpg\" alt=\"07h59: Con el escrutinio de 87,6% de actas: Moreno 39,11%; Lasso 28,28%\" width=\"300\" height=\"300\" srcset=\"https:\/\/www.ecuadoraldia.com.ec\/wp-content\/uploads\/2017\/02\/duo-300x300.jpg 300w, https:\/\/www.ecuadoraldia.com.ec\/wp-content\/uploads\/2017\/02\/duo-150x150.jpg 150w, https:\/\/www.ecuadoraldia.com.ec\/wp-content\/uploads\/2017\/02\/duo.jpg 720w\" sizes=\"(max-width: 300px) 100vw, 300px\" \/><\/a><figcaption id=\"caption-attachment-14418\" class=\"wp-caption-text\">07h59: Con el escrutinio de 87,6% de actas: Moreno 39,11%; Lasso 28,28%<\/figcaption><\/figure>\n<p style=\"text-align: justify;\">Con el 80,7% de las actas escrutadas hasta las 00:00, el candidato presidencial de Alianza PAIS, Len\u00edn Moreno, lideraba la votaci\u00f3n nacional con el 38,87%; seguido del aspirante de la alianza CREO-SUMA, Guillermo Lasso, quien llegaba al 28,50%; y Cynthia Viteri, del Partido Social Cristiano (PSC), con el 16,33%, seg\u00fan los datos de la web del Consejo Nacional Electoral (CNE).<\/p>\n<p style=\"text-align: justify;\">El presidente del CNE, Juan Pablo Pozo, ley\u00f3 el \u00faltimo corte de informaci\u00f3n oficial a las 23:00 con cifras similares.<\/p>\n<p style=\"text-align: justify;\">La autoridad no confirm\u00f3 si con estas podr\u00eda se\u00f1alarse que habr\u00e1 una segunda vuelta entre Moreno y Lasso.<\/p>\n<p style=\"text-align: justify;\">El C\u00f3digo de la Democracia vigente se\u00f1ala que para que un candidato gane en primera vuelta debe obtener m\u00e1s del 50% o el 40% m\u00e1s diez puntos de ventaja sobre su rival.<\/p>\n<p style=\"text-align: justify;\">Al cierre de la votaci\u00f3n, a las 17:00, se difundieron tres encuestas a boca de urna. Dos de ellas se\u00f1alaban que s\u00ed habr\u00eda una segunda vuelta.<\/p>\n<p style=\"text-align: justify;\">Seg\u00fan la de Cedatos, que se hizo p\u00fablica en los canales Ecuavisa y Teleamazonas, el oficialista ten\u00eda el 39,4% y Lasso el 30,5%. Market ubicaba a Moreno en el 36,2% y a Lasso con el 26,1%. Y Opini\u00f3n P\u00fablica Ecuador, que se divulg\u00f3 a trav\u00e9s de medios incautados, indic\u00f3 que Moreno llegaba al 42,9% y Lasso al 27,7%.<\/p>\n<p style=\"text-align: justify;\">Originalmente, el CNE ten\u00eda previsto entregar resultados de un conteo r\u00e1pido a las 20:00, pero no lo hizo.<\/p>\n<p style=\"text-align: justify;\">Aunque a las 20:25, Pozo dio una primera rueda de prensa en el hotel Marriott de Quito, que sirvi\u00f3 como centro de mando del organismo electoral.<\/p>\n<p style=\"text-align: justify;\">El funcionario dijo que el motivo para no mostrar los datos del conteo r\u00e1pido era que por \u201cel hecho de tener resultados tan apretados, ocupar la herramienta de conteo r\u00e1pido ser\u00eda irresponsable por parte del Consejo Nacional Electoral, entendiendo que tiene un margen de error\u201d.<\/p>\n<p style=\"text-align: justify;\">Pero, a esa hora, Pozo dio los primeros resultados con base en el 51% de las actas escrutadas. No hab\u00eda todav\u00eda resultados preliminares de asamble\u00edstas provinciales o nacionales ni de la consulta popular sobre los para\u00edsos fiscales.<\/p>\n<p style=\"text-align: justify;\">Estos se conocieron en la segunda rueda de prensa de Pozo, a las 23:00. Pero el n\u00famero de actas ingresadas no superaba el 20% en la mayor\u00eda de casos.<\/p>\n<p style=\"text-align: justify;\">A las 21:00, Corporaci\u00f3n Participaci\u00f3n Ciudadana mostr\u00f3 los resultados de su conteo.<\/p>\n<p style=\"text-align: justify;\">Ruth Hidalgo, directora del organismo, aclar\u00f3 que tras algunos inconvenientes sus voluntarios cumplieron lo establecido y recibieron la colaboraci\u00f3n de las autoridades en los recintos electorales; sin embargo, se\u00f1al\u00f3 que esos inconvenientes \u201cincidieron para que no tengamos los resultados a tiempo\u201d, algo que se ten\u00eda previsto para antes de las 20:00.<\/p>\n<p style=\"text-align: justify;\">Sobre un total de 1.155 muestras a nivel nacional, la ONG estabiliz\u00f3 su conteo sobre el 87,4% de los datos ingresados, con lo que \u201chay segunda vuelta\u201d, afirm\u00f3 Hidalgo.<\/p>\n<p style=\"text-align: justify;\">La muestra estad\u00edstica de este organismo tuvo como ganador a Moreno con 38,8% y un margen de error del 1%; seguido por Lasso, con 28,2% y un margen de error de 0,8%.<\/p>\n<p style=\"text-align: justify;\">Seg\u00fan Participaci\u00f3n Ciudadana, Paco Moncayo (Acuerdo Nacional por el Cambio) qued\u00f3 en cuarto lugar con 6,9%; Abdal\u00e1 Bucaram Pulley (Fuerza Ecuador), en quinto con 4,9%, y en sexto lugar Iv\u00e1n Espinel (Fuerza Compromiso Social) con 3,2%. Relegados aparecen Washington Pes\u00e1ntez (Uni\u00f3n Ecuatoriana) y Patricio Zuquilanda (Sociedad Patri\u00f3tica) con el 0,8%.<\/p>\n<p style=\"text-align: justify;\">Hidalgo destac\u00f3 que la muestra logr\u00f3 mantener el 1% de margen de error, con base en la experiencia conseguida en siete procesos anteriores.<\/p>\n<p style=\"text-align: justify;\">A las 23:00, el presidente Rafael Correa tuite\u00f3: \u201cYa tenemos m\u00e1s de 10 puntos de diferencia con Lasso, y sigue aumentando. Tenemos 38,84%, y a\u00fan falta por ingresar 20% de votos, incluyendo gran parte de Manab\u00ed y migrantes, donde arrasamos. \u00a1Venceremos!\u201d.<\/p>\n<p style=\"text-align: justify;\">Alexander Vega, coordinador de la misi\u00f3n de observadores de la Unasur, pidi\u00f3 a los actores pol\u00edticos esperar los resultados oficiales del CNE.<br \/>\nConsulta popular<br \/>\nEl presidente del CNE, Juan Pablo Pozo, mostr\u00f3 datos de la consulta sobre para\u00edsos fiscales. El 16,2% de actas escrutadas daban 55,09% al S\u00ed y el 44,91% al No a la pregunta \u201c\u00bfEst\u00e1 usted de acuerdo en que, para desempe\u00f1ar una dignidad de elecci\u00f3n popular o para ser servidor p\u00fablico, se establezca como prohibici\u00f3n tener bienes o capitales, de cualquier naturaleza, en para\u00edsos fiscales?\u201d.<\/p>\n<p>Conteo r\u00e1pido de Participaci\u00f3n Ciudadana: Moreno 38,8%, Lasso 28,2%<\/p>\n<p>Participaci\u00f3n Ciudadana denuncia falta de colaboraci\u00f3n del CNE para su labor<br \/>\nSolventados los inconvenientes suscitados con sus voluntarios, Participaci\u00f3n Ciudadana complet\u00f3 su tarea del conteo r\u00e1pido y entreg\u00f3 a las 21:00 su aproximaci\u00f3n sobre los resultados de la elecci\u00f3n presidencial de esta jornada.<\/p>\n<p>Ruth Hidalgo, directora del organismo, aclar\u00f3 que finalmente sus colaboradores cumplieron lo establecido y recibieron la colaboraci\u00f3n de las autoridades en los distintos recintos electorales; sin embargo, se\u00f1al\u00f3 que esos inconvenientes \u00abincidieron para que no tengamos los resultados a tiempo\u00bb, algo que se ten\u00eda previsto para antes de las 20:00.<\/p>\n<p>Sobre un total de 1.155 muestras tomadas a nivel nacional, Participaci\u00f3n Ciudadana estabiliz\u00f3 su conteo sobre el 87.4% de los datos ingresados, con lo que \u00abhay segunda vuelta\u00bb, afirm\u00f3 Hidalgo.<\/p>\n<p>La muestra matem\u00e1tica estad\u00edstica de este organismo tuvo como ganador al candidato oficialista Lenin Moreno con 38.8% y un margen de error del 1%, seguido por el candidato de Creo, Guillermo Lasso, con 28.2% y un margen de error de 0.8%.<\/p>\n<p>El tercer lugar seg\u00fan esta muestra fue para Cynthia Viteri con el 16.4%.<\/p>\n<p>Un tercer grupo de candidatos, seg\u00fan Participaci\u00f3n Ciudadana, ubic\u00f3 a Paco Moncayo en cuarto lugar con 6.9%; Abdal\u00e1 Bucaram, quinto, con 4.9%, y en sexto lugar a Iv\u00e1n Espinel con 3.2%.<\/p>\n<p>Relegados aparecen Washington Pes\u00e1ntez y Patricio Zuquilanda con 0.8%.<\/p>\n","protected":false},"excerpt":{"rendered":"<p>Con el 80,7% de las actas escrutadas hasta las 00:00, el candidato presidencial de Alianza PAIS, Len\u00edn Moreno, lideraba la<\/p>\n","protected":false},"author":1,"featured_media":14418,"comment_status":"open","ping_status":"open","sticky":false,"template":"","format":"standard","meta":{"footnotes":""},"categories":[11,3],"tags":[],"_links":{"self":[{"href":"https:\/\/www.ecuadoraldia.com.ec\/index.php?rest_route=\/wp\/v2\/posts\/14417"}],"collection":[{"href":"https:\/\/www.ecuadoraldia.com.ec\/index.php?rest_route=\/wp\/v2\/posts"}],"about":[{"href":"https:\/\/www.ecuadoraldia.com.ec\/index.php?rest_route=\/wp\/v2\/types\/post"}],"author":[{"embeddable":true,"href":"https:\/\/www.ecuadoraldia.com.ec\/index.php?rest_route=\/wp\/v2\/users\/1"}],"replies":[{"embeddable":true,"href":"https:\/\/www.ecuadoraldia.com.ec\/index.php?rest_route=%2Fwp%2Fv2%2Fcomments&post=14417"}],"version-history":[{"count":4,"href":"https:\/\/www.ecuadoraldia.com.ec\/index.php?rest_route=\/wp\/v2\/posts\/14417\/revisions"}],"predecessor-version":[{"id":14422,"href":"https:\/\/www.ecuadoraldia.com.ec\/index.php?rest_route=\/wp\/v2\/posts\/14417\/revisions\/14422"}],"wp:featuredmedia":[{"embeddable":true,"href":"https:\/\/www.ecuadoraldia.com.ec\/index.php?rest_route=\/wp\/v2\/media\/14418"}],"wp:attachment":[{"href":"https:\/\/www.ecuadoraldia.com.ec\/index.php?rest_route=%2Fwp%2Fv2%2Fmedia&parent=14417"}],"wp:term":[{"taxonomy":"category","embeddable":true,"href":"https:\/\/www.ecuadoraldia.com.ec\/index.php?rest_route=%2Fwp%2Fv2%2Fcategories&post=14417"},{"taxonomy":"post_tag","embeddable":true,"href":"https:\/\/www.ecuadoraldia.com.ec\/index.php?rest_route=%2Fwp%2Fv2%2Ftags&post=14417"}],"curies":[{"name":"wp","href":"https:\/\/api.w.org\/{rel}","templated":true}]}}