{"id":14428,"date":"2017-02-21T19:42:06","date_gmt":"2017-02-21T19:42:06","guid":{"rendered":"http:\/\/www.ecuadoraldia.com.ec\/?p=14428"},"modified":"2017-02-21T19:42:06","modified_gmt":"2017-02-21T19:42:06","slug":"ultimo-reporte-del-cne-evidenica-que-habra-segunda-vuelta","status":"publish","type":"post","link":"https:\/\/www.ecuadoraldia.com.ec\/?p=14428","title":{"rendered":"\u00daltimo reporte del CNE evidenica que habr\u00e1 segunda vuelta"},"content":{"rendered":"<p style=\"text-align: justify;\"><a href=\"http:\/\/www.ecuadoraldia.com.ec\/wp-content\/uploads\/2017\/02\/lenin-moreno-1024x575.jpg\" rel=\"attachment wp-att-14429\"><img loading=\"lazy\" decoding=\"async\" class=\"alignleft size-medium wp-image-14429\" src=\"http:\/\/www.ecuadoraldia.com.ec\/wp-content\/uploads\/2017\/02\/lenin-moreno-1024x575-300x169.jpg\" alt=\"lenin-moreno--1024x575\" width=\"300\" height=\"169\" srcset=\"https:\/\/www.ecuadoraldia.com.ec\/wp-content\/uploads\/2017\/02\/lenin-moreno-1024x575-300x169.jpg 300w, https:\/\/www.ecuadoraldia.com.ec\/wp-content\/uploads\/2017\/02\/lenin-moreno-1024x575.jpg 600w\" sizes=\"(max-width: 300px) 100vw, 300px\" \/><\/a>El presidente del Consejo Nacional Electoral (CNE), Juan Pablo Pozo, explic\u00f3 este martes que se ha registrado el 94,6,4 POR CIENTO DEL TOTAL DE LAS ACTAS, para presidente y Vice presidente de la Rep\u00fablica, de ese porcentaje, el 39,20% corresponden al canditado oficialista Len\u00edn Moreno t el 28,37 por ciento al canditado de CREO SUMA, Guillermo laso.<\/p>\n<p style=\"text-align: justify;\">\u00abEstas actas, a diferencia del pasado, est\u00e1n en la p\u00e1gina web y a disposici\u00f3n de todas las organizaciones pol\u00edticas en tiempo real para que puedan verificar, y en caso de haber alguna inconsistencia, presentar el reclamo respectivo\u00bb, apunt\u00f3.<\/p>\n<p style=\"text-align: justify;\">Pozo dijo que en \u00abesta fase como en todas las que tendremos para las diferentes dignidades, al final no entraremos a un flujo del cien por ciento hasta que resolvamos, lo que por ley corresponde, las inconsistencias y la falta de firmas. Es un proceso absolutamente normal dentro del desarrollo del proceso electoral\u00bb.<\/p>\n<p style=\"text-align: justify;\">Tambi\u00e9n hizo un llamado a la ciudadan\u00eda a esperar los resultados oficiales en un ambiente de paz, pues existen m\u00e1rgenes estrechos para definir si hay o no segunda vuelta. En ese sentido, Pozo indic\u00f3 que en 3 d\u00edas se dar\u00edan los resultados definitivos del binomio presidencial; y de 5 a 8 d\u00edas de todas las dignidades. \u00abEsperamos que en un promedio de tres d\u00edas a partir de hoy est\u00e9 cerrado el proceso del binomio presidencial.<\/p>\n<p style=\"text-align: justify;\">Pozo, se reuni\u00f3 hoy martes 21 de febrero de 2017, con el candidato ganador de la primera vuelta Len\u00edn Moreno de AP, con quien dialog\u00f3 sobre los temas de escrutinios y las acciones a tomar para la segunda vuelta. Lo propio har\u00e1 con el candidato de Creo Guillermo Laso.<br \/>\nMoreno dialog\u00f3 con la prensa terminada la reuni\u00f3n con el CNE y hablo de determinados temas que han generado malestar en las \u00faltimas horas ante la falta de accion del cne de no dar a conocer los resultados oficiales de inmediato e hizo un llamado a la calma y a esperar que el organismo electoral proclame los resultados definitivos.<br \/>\nPosteriormente de traslad\u00f3 a l\u00f1a provincia de manab\u00ed para agradecer el respaldo del pueblo manabita en las urnas , as\u00ed mismo rechaz\u00f3 las criticas en redes sociales contra los manabitas.<\/p>\n","protected":false},"excerpt":{"rendered":"<p>El presidente del Consejo Nacional Electoral (CNE), Juan Pablo Pozo, explic\u00f3 este martes que se ha registrado el 94,6,4 POR<\/p>\n","protected":false},"author":1,"featured_media":14429,"comment_status":"open","ping_status":"open","sticky":false,"template":"","format":"standard","meta":{"footnotes":""},"categories":[1],"tags":[],"_links":{"self":[{"href":"https:\/\/www.ecuadoraldia.com.ec\/index.php?rest_route=\/wp\/v2\/posts\/14428"}],"collection":[{"href":"https:\/\/www.ecuadoraldia.com.ec\/index.php?rest_route=\/wp\/v2\/posts"}],"about":[{"href":"https:\/\/www.ecuadoraldia.com.ec\/index.php?rest_route=\/wp\/v2\/types\/post"}],"author":[{"embeddable":true,"href":"https:\/\/www.ecuadoraldia.com.ec\/index.php?rest_route=\/wp\/v2\/users\/1"}],"replies":[{"embeddable":true,"href":"https:\/\/www.ecuadoraldia.com.ec\/index.php?rest_route=%2Fwp%2Fv2%2Fcomments&post=14428"}],"version-history":[{"count":1,"href":"https:\/\/www.ecuadoraldia.com.ec\/index.php?rest_route=\/wp\/v2\/posts\/14428\/revisions"}],"predecessor-version":[{"id":14430,"href":"https:\/\/www.ecuadoraldia.com.ec\/index.php?rest_route=\/wp\/v2\/posts\/14428\/revisions\/14430"}],"wp:featuredmedia":[{"embeddable":true,"href":"https:\/\/www.ecuadoraldia.com.ec\/index.php?rest_route=\/wp\/v2\/media\/14429"}],"wp:attachment":[{"href":"https:\/\/www.ecuadoraldia.com.ec\/index.php?rest_route=%2Fwp%2Fv2%2Fmedia&parent=14428"}],"wp:term":[{"taxonomy":"category","embeddable":true,"href":"https:\/\/www.ecuadoraldia.com.ec\/index.php?rest_route=%2Fwp%2Fv2%2Fcategories&post=14428"},{"taxonomy":"post_tag","embeddable":true,"href":"https:\/\/www.ecuadoraldia.com.ec\/index.php?rest_route=%2Fwp%2Fv2%2Ftags&post=14428"}],"curies":[{"name":"wp","href":"https:\/\/api.w.org\/{rel}","templated":true}]}}