{"id":14437,"date":"2017-02-23T16:29:03","date_gmt":"2017-02-23T16:29:03","guid":{"rendered":"http:\/\/www.ecuadoraldia.com.ec\/?p=14437"},"modified":"2017-02-23T16:29:03","modified_gmt":"2017-02-23T16:29:03","slug":"mision-de-observacion-de-oea-presenta-recomendaciones-para-segunda-vuelta","status":"publish","type":"post","link":"https:\/\/www.ecuadoraldia.com.ec\/?p=14437","title":{"rendered":"Misi\u00f3n de Observaci\u00f3n de OEA presenta recomendaciones para segunda vuelta"},"content":{"rendered":"<p style=\"text-align: justify;\"><a href=\"http:\/\/www.ecuadoraldia.com.ec\/wp-content\/uploads\/2017\/02\/oea_59318_crop_650x34000.png\" rel=\"attachment wp-att-14438\"><img loading=\"lazy\" decoding=\"async\" class=\"alignleft size-medium wp-image-14438\" src=\"http:\/\/www.ecuadoraldia.com.ec\/wp-content\/uploads\/2017\/02\/oea_59318_crop_650x34000-300x160.png\" alt=\"oea_59318_crop_650x340+0+0\" width=\"300\" height=\"160\" srcset=\"https:\/\/www.ecuadoraldia.com.ec\/wp-content\/uploads\/2017\/02\/oea_59318_crop_650x34000-300x160.png 300w, https:\/\/www.ecuadoraldia.com.ec\/wp-content\/uploads\/2017\/02\/oea_59318_crop_650x34000.png 637w\" sizes=\"(max-width: 300px) 100vw, 300px\" \/><\/a>Un informe preliminar sobre el desarrollo de las elecciones en el pa\u00eds y algunas recomendaciones para la segunda vuelta a realizarse el 2 de abril, fue lo que present\u00f3 la Misi\u00f3n de Observaci\u00f3n Electoral de la Organizaci\u00f3n de Estados Americanos (OEA). Leonel Fern\u00e1ndez, l\u00edder de los 66 observadores, ley\u00f3 el informe compuesto por cuatro p\u00e1ginas ante los medios de comunicaci\u00f3n en el Swiss\u00f6tel de Quito.<\/p>\n<p style=\"text-align: justify;\">\u201cEl d\u00eda de la elecci\u00f3n los observadores de la OEA visitaron 375 centros de votaci\u00f3n en 17 provincias del pa\u00eds. A pesar de algunos inconvenientes durante la jornada electoral, la misi\u00f3n observ\u00f3 progresos en la organizaci\u00f3n y administraci\u00f3n de las elecciones y reconoce los esfuerzos realizados por los funcionarios del Consejo Nacional Electoral (CNE), liderados por su presidente Juan Pablo Pozo\u201d, se\u00f1ala el informe le\u00eddo por Fern\u00e1ndez.<\/p>\n<p style=\"text-align: justify;\">Adem\u00e1s se destac\u00f3 las medidas adoptadas para ampliar el ejercicio de los derechos pol\u00edticos para todos los ecuatorianos \u201ca trav\u00e9s de los mecanismos de voto en casa y voto de las personas privadas de la libertad sin sentencia condenatoria. Adem\u00e1s destaca la instalaci\u00f3n de las mesas de atenci\u00f3n preferente y la asistencia prestada a las personas con discapacidad, adultos mayores, personas con ni\u00f1os en brazos y mujeres embarazadas\u201d, dijo el observador.<\/p>\n<p style=\"text-align: justify;\">En cuanto a las denuncias sobre papeletas marcadas, asegur\u00f3 que solo hab\u00edan recibido tres denuncias por parte de votantes. \u201cA pesar de que las redes sociales se hicieron eco de esta situaci\u00f3n, lo cierto es que se trat\u00f3 de casos aislados y las papeletas cuestionadas no se contabilizaron\u201d, ley\u00f3 Fern\u00e1ndez<\/p>\n<p style=\"text-align: justify;\">Entre las recomendaciones de los observadores est\u00e1 el tema de la capacitaci\u00f3n a los miembros de las Juntas Receptoras del Voto (JRV) porque se not\u00f3 que no hab\u00eda uniformidad al manejar la log\u00edstica de las votaciones.<\/p>\n<p style=\"text-align: justify;\">\u201cLa MOE sugiere realizar capacitaciones de refuerzo en los d\u00edas previos a la segunda vuelta presidencial para que los miembros de las JRV puedan afianzar los conceptos y cumplir con sus tareas de acuerdo a lo establecido con los manuales de capacitaci\u00f3n\u201d, se\u00f1al\u00f3.<\/p>\n<p style=\"text-align: justify;\">Otra recomendaci\u00f3n fue que no se utilizara el marcador de color rojo, destinado a llenar el borrador del escrutinio, para completar las actas porque al no reconocerse la tinta roja en el esc\u00e1ner, estas actas no pudieron ser ingresadas al sistema de forma inmediata lo que retras\u00f3 el conteo de votos.<\/p>\n<p style=\"text-align: justify;\">Tambi\u00e9n recomendaron hacer un an\u00e1lisis del sistema de divulgaci\u00f3n de resultados y fortalecer la capacidad del sistema, aunque felicitaron que los resultados se hayan mostrado en l\u00ednea y con transparencia.<\/p>\n<p style=\"text-align: justify;\">En cuanto a los resultados a boca de urna dijeron que algunos pol\u00edticos los usaron para proclamarse ganadores antes de conocer los resultaos finales por lo que hicieron un llamado a \u201cactuar con responsabilidad y prudencia. En esta etapa la autoridad electoral mantuvo informada a la ciudadan\u00eda permanentemente de demostr\u00f3 ser el guardi\u00e1n de la voluntad del pueblo\u201d, dice el documento.<\/p>\n<p style=\"text-align: justify;\">Al final, Fern\u00e1ndez dijo que tras la segunda vuelta electoral la Misi\u00f3n emitir\u00e1 un informe con recomendaciones adicionales sobre aspectos estructurales del proceso electoral en el que incluir\u00e1 temas como la participaci\u00f3n pol\u00edtica de las mujeres, el financiamiento de la campa\u00f1a y la justicia electoral. (ANDES)<\/p>\n","protected":false},"excerpt":{"rendered":"<p>Un informe preliminar sobre el desarrollo de las elecciones en el pa\u00eds y algunas recomendaciones para la segunda vuelta a<\/p>\n","protected":false},"author":1,"featured_media":14438,"comment_status":"open","ping_status":"open","sticky":false,"template":"","format":"standard","meta":{"footnotes":""},"categories":[3],"tags":[],"_links":{"self":[{"href":"https:\/\/www.ecuadoraldia.com.ec\/index.php?rest_route=\/wp\/v2\/posts\/14437"}],"collection":[{"href":"https:\/\/www.ecuadoraldia.com.ec\/index.php?rest_route=\/wp\/v2\/posts"}],"about":[{"href":"https:\/\/www.ecuadoraldia.com.ec\/index.php?rest_route=\/wp\/v2\/types\/post"}],"author":[{"embeddable":true,"href":"https:\/\/www.ecuadoraldia.com.ec\/index.php?rest_route=\/wp\/v2\/users\/1"}],"replies":[{"embeddable":true,"href":"https:\/\/www.ecuadoraldia.com.ec\/index.php?rest_route=%2Fwp%2Fv2%2Fcomments&post=14437"}],"version-history":[{"count":1,"href":"https:\/\/www.ecuadoraldia.com.ec\/index.php?rest_route=\/wp\/v2\/posts\/14437\/revisions"}],"predecessor-version":[{"id":14439,"href":"https:\/\/www.ecuadoraldia.com.ec\/index.php?rest_route=\/wp\/v2\/posts\/14437\/revisions\/14439"}],"wp:featuredmedia":[{"embeddable":true,"href":"https:\/\/www.ecuadoraldia.com.ec\/index.php?rest_route=\/wp\/v2\/media\/14438"}],"wp:attachment":[{"href":"https:\/\/www.ecuadoraldia.com.ec\/index.php?rest_route=%2Fwp%2Fv2%2Fmedia&parent=14437"}],"wp:term":[{"taxonomy":"category","embeddable":true,"href":"https:\/\/www.ecuadoraldia.com.ec\/index.php?rest_route=%2Fwp%2Fv2%2Fcategories&post=14437"},{"taxonomy":"post_tag","embeddable":true,"href":"https:\/\/www.ecuadoraldia.com.ec\/index.php?rest_route=%2Fwp%2Fv2%2Ftags&post=14437"}],"curies":[{"name":"wp","href":"https:\/\/api.w.org\/{rel}","templated":true}]}}