{"id":14450,"date":"2017-03-02T13:43:36","date_gmt":"2017-03-02T13:43:36","guid":{"rendered":"http:\/\/www.ecuadoraldia.com.ec\/?p=14450"},"modified":"2017-03-02T13:43:36","modified_gmt":"2017-03-02T13:43:36","slug":"correa-nuestro-principal-logro-es-el-cambio-de-actitud-del-ecuatoriano","status":"publish","type":"post","link":"https:\/\/www.ecuadoraldia.com.ec\/?p=14450","title":{"rendered":"Correa: \u201cNuestro principal logro es el cambio de actitud del ecuatoriano\u201d"},"content":{"rendered":"<p style=\"text-align: justify;\"><a href=\"http:\/\/www.ecuadoraldia.com.ec\/wp-content\/uploads\/2017\/03\/rces.jpg\" rel=\"attachment wp-att-14451\"><img loading=\"lazy\" decoding=\"async\" class=\"alignleft size-medium wp-image-14451\" src=\"http:\/\/www.ecuadoraldia.com.ec\/wp-content\/uploads\/2017\/03\/rces-300x141.jpg\" alt=\"rces\" width=\"300\" height=\"141\" srcset=\"https:\/\/www.ecuadoraldia.com.ec\/wp-content\/uploads\/2017\/03\/rces-300x141.jpg 300w, https:\/\/www.ecuadoraldia.com.ec\/wp-content\/uploads\/2017\/03\/rces.jpg 527w\" sizes=\"(max-width: 300px) 100vw, 300px\" \/><\/a>Los a\u00f1os 2015 y 2016 han sido los m\u00e1s duros para el Gobierno, porque en lo econ\u00f3mico se dio una conjunci\u00f3n de factores: el derrumbe del precio del petr\u00f3leo, la devaluaci\u00f3n de las monedas en Colombia y Per\u00fa, el fallo a favor de la petrolera Chevron que oblig\u00f3 a pagarle una millonaria suma&#8230; y en abril de 2016 ocurri\u00f3 el terremoto, que tuvo un alto costo en p\u00e9rdida de vidas y da\u00f1os materiales. As\u00ed lo indic\u00f3 el presidente Rafael Correa durante una entrevista con medios de comunicaci\u00f3n de Manab\u00ed realizada la noche del mi\u00e9rcoles.<\/p>\n<p style=\"text-align: justify;\">Aqu\u00ed el Primer Mandatario hizo un balance de sus 10 a\u00f1os al frente del pa\u00eds. \u201cTen\u00edamos previsto que estos dos a\u00f1os (2015-2016) ser\u00edan de presi\u00f3n fiscal, por la culminaci\u00f3n de proyectos estrat\u00e9gicos. Pero no esper\u00e1bamos ese conjunto de factores. Pero sin paquetazos, sin triturar a los m\u00e1s pobres como se acostumbraba en el pa\u00eds, hemos superado la recesi\u00f3n\u201d, se\u00f1al\u00f3. Y record\u00f3 que esos momentos dif\u00edciles se afrontaron haciendo un ajuste. \u201cLo hicimos tan bien que la oposici\u00f3n dice que no hubo ajuste. Bajamos 6 puntos del PIB en reducci\u00f3n de inversi\u00f3n p\u00fablica\u201d. Correa destac\u00f3 la obra p\u00fablica que se ha hecho, aunque reconoci\u00f3 que todav\u00eda hay tareas pendientes, como m\u00e1s hospitales, m\u00e1s carreteras, escuelas, infraestructura educativa. \u201cEs todo un proceso\u201d. Dijo que Ecuador es de los pa\u00edses de Am\u00e9rica Latina que m\u00e1s invierte en educaci\u00f3n superior (cerca de 2 puntos del PIB).<\/p>\n<p style=\"text-align: justify;\">Sin embargo, para el Mandatario su principal logro es intangible: el cambio de actitud del ecuatoriano. \u201cYo encontr\u00e9 un pa\u00eds desmoralizado, inmovilizado, desconcertado, con la autoestima por los suelos. Recuerden lo que eran el Registro Civil, la Polic\u00eda, las aduanas\u201d. Sobre los resultados electorales, reconoci\u00f3 que muchas cosas est\u00e1n detenidas mientras se conocen los resultados de la segunda vuelta. \u201cMuchos inversionistas me han dicho que esperemos al 2 de abril\u201d. Y aunque le hubiera gustado ganar en primera vuelta, considera que el triunfo de Alianza PAIS es contundente \u201ca nivel de binomio presidencial, a nivel de consulta popular, a nivel de Parlamento Andino y de Asamblea. Es un triunfo por donde lo vea\u201d. Afirm\u00f3 que el candidato m\u00e1s f\u00e1cil de vencer en segunda vuelta es Guillermo Lasso. \u201cNosotros esperamos ganar con dos millones de votos, lo ha dicho Len\u00edn, pero no subestimamos a nadie.<\/p>\n<p style=\"text-align: justify;\">En todos los escenarios el candidato m\u00e1s f\u00e1cil de vencer en segunda vuelta era Lasso y el m\u00e1s dif\u00edcil Paco Moncayo\u201d, puntualiz\u00f3 el Primer Mandatario. Para \u00e9l ser\u00eda contradictorio que los migrantes ecuatorianos que residen en el extranjero opten por la candidatura de Lasso, as\u00ed como tambi\u00e9n sus familias que han vivido de cerca la partida de sus familiares a causa de la crisis econ\u00f3mica. Una de las ventajas con las que cuenta el Gobierno, dijo, es la \u201cincapacidad y mediocridad de la oposici\u00f3n pol\u00edtica ecuatoriana\u2026 \u00bfcu\u00e1les son las diferencias entre Lasso y el Partido Social Cristiano?, solo ambiciones e intereses personales\u201d.<\/p>\n<p style=\"text-align: justify;\">Dijo adem\u00e1s que el legado que deja su gobierno es una transformaci\u00f3n en obra f\u00edsica, presencia a nivel mundial y pol\u00edticas de Estado que buscan la justicia social. \u201cLen\u00edn Moreno fue seis a\u00f1os vicepresidente y su carta de presentaci\u00f3n es el Programa Manuela Espejo (a favor de las personas con discapacidad), la de Jorge Glas es la transformaci\u00f3n productiva y de la matriz energ\u00e9tica; la carta de presentaci\u00f3n de Guillermo Lasso es el feriado bancario\u201d, enfatiz\u00f3. Reconoci\u00f3 que una derrota \u201cser\u00eda un duro golpe para el humanismo y la justicia social en Latinoam\u00e9rica, pero hay que seguir luchando\u2026 As\u00ed como hay problemas en ciertos gobiernos progresistas, sobre todo por el boicot de la reacci\u00f3n de los grupos de derecha, hay otros gobiernos progresistas extremadamente exitosos como el propio caso ecuatoriano, el caso boliviano o el caso uruguayo\u201d. Para la segunda vuelta, la estrategia ser\u00e1 la verdad. \u201cNosotros no hacemos campa\u00f1a sucia. Otra cosa es una campa\u00f1a agresiva, diciendo la verdad\u201d.<\/p>\n<p style=\"text-align: justify;\">Tambi\u00e9n reconoci\u00f3 que se requiere un cambio de estilo. \u201cYo soy muy vehemente, muy confrontador. Se necesita a alguien m\u00e1s afable, como Len\u00edn Moreno para evitar tanta divisi\u00f3n del pa\u00eds, tanta polarizaci\u00f3n, pero por el mismo sendero de la Revoluci\u00f3n, de la justicia social, de la soberan\u00eda\u201d. El jefe de Estado, afirm\u00f3 que seguir\u00e1 trabajando hasta el \u00faltimo d\u00eda de su mandato. \u201cSeguiremos gobernando hasta el \u00faltimo d\u00eda para dejar un pa\u00eds en marcha (\u2026) dejaremos la mesa tena para el pr\u00f3ximo gobierno y vamos a tomar las decisiones que deban tomarse con responsabilidad\u201d, puntualiz\u00f3. (Andes)<\/p>\n","protected":false},"excerpt":{"rendered":"<p>Los a\u00f1os 2015 y 2016 han sido los m\u00e1s duros para el Gobierno, porque en lo econ\u00f3mico se dio una<\/p>\n","protected":false},"author":1,"featured_media":14451,"comment_status":"open","ping_status":"open","sticky":false,"template":"","format":"standard","meta":{"footnotes":""},"categories":[3],"tags":[],"_links":{"self":[{"href":"https:\/\/www.ecuadoraldia.com.ec\/index.php?rest_route=\/wp\/v2\/posts\/14450"}],"collection":[{"href":"https:\/\/www.ecuadoraldia.com.ec\/index.php?rest_route=\/wp\/v2\/posts"}],"about":[{"href":"https:\/\/www.ecuadoraldia.com.ec\/index.php?rest_route=\/wp\/v2\/types\/post"}],"author":[{"embeddable":true,"href":"https:\/\/www.ecuadoraldia.com.ec\/index.php?rest_route=\/wp\/v2\/users\/1"}],"replies":[{"embeddable":true,"href":"https:\/\/www.ecuadoraldia.com.ec\/index.php?rest_route=%2Fwp%2Fv2%2Fcomments&post=14450"}],"version-history":[{"count":1,"href":"https:\/\/www.ecuadoraldia.com.ec\/index.php?rest_route=\/wp\/v2\/posts\/14450\/revisions"}],"predecessor-version":[{"id":14452,"href":"https:\/\/www.ecuadoraldia.com.ec\/index.php?rest_route=\/wp\/v2\/posts\/14450\/revisions\/14452"}],"wp:featuredmedia":[{"embeddable":true,"href":"https:\/\/www.ecuadoraldia.com.ec\/index.php?rest_route=\/wp\/v2\/media\/14451"}],"wp:attachment":[{"href":"https:\/\/www.ecuadoraldia.com.ec\/index.php?rest_route=%2Fwp%2Fv2%2Fmedia&parent=14450"}],"wp:term":[{"taxonomy":"category","embeddable":true,"href":"https:\/\/www.ecuadoraldia.com.ec\/index.php?rest_route=%2Fwp%2Fv2%2Fcategories&post=14450"},{"taxonomy":"post_tag","embeddable":true,"href":"https:\/\/www.ecuadoraldia.com.ec\/index.php?rest_route=%2Fwp%2Fv2%2Ftags&post=14450"}],"curies":[{"name":"wp","href":"https:\/\/api.w.org\/{rel}","templated":true}]}}