{"id":14453,"date":"2017-03-03T13:47:05","date_gmt":"2017-03-03T13:47:05","guid":{"rendered":"http:\/\/www.ecuadoraldia.com.ec\/?p=14453"},"modified":"2017-03-03T14:26:15","modified_gmt":"2017-03-03T14:26:15","slug":"cargos-de-interconexion-disminuiran-hasta-mayo","status":"publish","type":"post","link":"https:\/\/www.ecuadoraldia.com.ec\/?p=14453","title":{"rendered":"Cargos de interconexi\u00f3n disminuir\u00e1n hasta mayo"},"content":{"rendered":"<figure id=\"attachment_14460\" aria-describedby=\"caption-attachment-14460\" style=\"width: 300px\" class=\"wp-caption alignleft\"><a href=\"http:\/\/www.ecuadoraldia.com.ec\/wp-content\/uploads\/2017\/03\/lephone.jpg\" rel=\"attachment wp-att-14460\"><img loading=\"lazy\" decoding=\"async\" class=\"size-medium wp-image-14460\" src=\"http:\/\/www.ecuadoraldia.com.ec\/wp-content\/uploads\/2017\/03\/lephone-300x198.jpg\" alt=\"portrait of pretty young woman sitting at the table and speaking on the telephone\" width=\"300\" height=\"198\" srcset=\"https:\/\/www.ecuadoraldia.com.ec\/wp-content\/uploads\/2017\/03\/lephone-300x198.jpg 300w, https:\/\/www.ecuadoraldia.com.ec\/wp-content\/uploads\/2017\/03\/lephone-768x506.jpg 768w, https:\/\/www.ecuadoraldia.com.ec\/wp-content\/uploads\/2017\/03\/lephone.jpg 1024w\" sizes=\"(max-width: 300px) 100vw, 300px\" \/><\/a><figcaption id=\"caption-attachment-14460\" class=\"wp-caption-text\">portrait of pretty young woman sitting at the table and speaking on the telephone<\/figcaption><\/figure>\n<p style=\"text-align: justify;\">La tarifa que una operadora telef\u00f3nica cobra por recibir llamadas de otra compa\u00f1\u00eda no superar\u00e1 los $ 0,02. Redacci\u00f3n Econom\u00eda Los cargos de interconexi\u00f3n de las operadoras de telefon\u00eda m\u00f3vil estar\u00e1n por debajo de $0.0180 a partir de mayo, seg\u00fan la Agencia de Regulaci\u00f3n y Control de Telecomunicaciones (Arcotel). La reducci\u00f3n gradual de la tarifa est\u00e1 vigente desde julio del a\u00f1o pasado, cuando la entidad emiti\u00f3 la resoluci\u00f3n 0627.<\/p>\n<p style=\"text-align: justify;\">Ramiro Valencia, director de Estudios, an\u00e1lisis estad\u00edsticos y de mercado de la Arcotel, explica que estos cargos son los valores que una operadora le paga a otra porque los abonados de su red hablan con usuarios de otras operadoras. \u201cEstos valores casi no cambiaron en 6 a\u00f1os\u201d, se\u00f1ala. Originalmente CNT ten\u00eda el cargo m\u00e1s alto con $ 0.0915, le segu\u00eda Movistar con $ 0.0639, y Claro con $ 0.04997 (ver infograf\u00eda). Actualmente los cargos por interconexi\u00f3n no superan los $ 0.029 y desde mayo regir\u00e1n nuevos valores que se mantendr\u00e1n hasta que el ente regulador revise la medida nuevamente.<\/p>\n<p style=\"text-align: justify;\">Una de las ventajas, seg\u00fan Valencia, es que los usuarios de una operadora podr\u00e1n hablar con otros usuarios casi al mismo valor. \u201cEn Europa la tendencia es que esa tarifa sea cero\u201d, explic\u00f3 Valencia. A\u00f1ade que esto permitir\u00e1 interconectar las redes, de tal manera que el precio promedio por minuto, tanto dentro de la misma red como fuera, sean de igual valor. La Arcotel not\u00f3 que gracias a las acciones regulatorias, hasta agosto del a\u00f1o pasado las operadoras presentaron nuevos planes y ofertas m\u00e1s atractivas para los usuarios, inclusive ofreciendo minutos ilimitados. (Nota tomada de El Tel\u00e9grafo, si desea leer m\u00e1s vaya al enlace de abajo)<\/p>\n<p>http:\/\/bit.ly\/2mTz1pC<\/p>\n<p><a href=\"http:\/\/www.ecuadoraldia.com.ec\/wp-content\/uploads\/2017\/03\/03-03-17-eco-info.jpg\" rel=\"attachment wp-att-14455\"><img loading=\"lazy\" decoding=\"async\" class=\"alignleft size-medium wp-image-14455\" src=\"http:\/\/www.ecuadoraldia.com.ec\/wp-content\/uploads\/2017\/03\/03-03-17-eco-info-300x141.jpg\" alt=\"Operadoras costo\" width=\"300\" height=\"141\" srcset=\"https:\/\/www.ecuadoraldia.com.ec\/wp-content\/uploads\/2017\/03\/03-03-17-eco-info-300x141.jpg 300w, https:\/\/www.ecuadoraldia.com.ec\/wp-content\/uploads\/2017\/03\/03-03-17-eco-info-768x362.jpg 768w, https:\/\/www.ecuadoraldia.com.ec\/wp-content\/uploads\/2017\/03\/03-03-17-eco-info.jpg 880w\" sizes=\"(max-width: 300px) 100vw, 300px\" \/><\/a><\/p>\n","protected":false},"excerpt":{"rendered":"<p>La tarifa que una operadora telef\u00f3nica cobra por recibir llamadas de otra compa\u00f1\u00eda no superar\u00e1 los $ 0,02. Redacci\u00f3n Econom\u00eda<\/p>\n","protected":false},"author":1,"featured_media":14460,"comment_status":"open","ping_status":"open","sticky":false,"template":"","format":"standard","meta":{"footnotes":""},"categories":[9],"tags":[],"_links":{"self":[{"href":"https:\/\/www.ecuadoraldia.com.ec\/index.php?rest_route=\/wp\/v2\/posts\/14453"}],"collection":[{"href":"https:\/\/www.ecuadoraldia.com.ec\/index.php?rest_route=\/wp\/v2\/posts"}],"about":[{"href":"https:\/\/www.ecuadoraldia.com.ec\/index.php?rest_route=\/wp\/v2\/types\/post"}],"author":[{"embeddable":true,"href":"https:\/\/www.ecuadoraldia.com.ec\/index.php?rest_route=\/wp\/v2\/users\/1"}],"replies":[{"embeddable":true,"href":"https:\/\/www.ecuadoraldia.com.ec\/index.php?rest_route=%2Fwp%2Fv2%2Fcomments&post=14453"}],"version-history":[{"count":4,"href":"https:\/\/www.ecuadoraldia.com.ec\/index.php?rest_route=\/wp\/v2\/posts\/14453\/revisions"}],"predecessor-version":[{"id":14461,"href":"https:\/\/www.ecuadoraldia.com.ec\/index.php?rest_route=\/wp\/v2\/posts\/14453\/revisions\/14461"}],"wp:featuredmedia":[{"embeddable":true,"href":"https:\/\/www.ecuadoraldia.com.ec\/index.php?rest_route=\/wp\/v2\/media\/14460"}],"wp:attachment":[{"href":"https:\/\/www.ecuadoraldia.com.ec\/index.php?rest_route=%2Fwp%2Fv2%2Fmedia&parent=14453"}],"wp:term":[{"taxonomy":"category","embeddable":true,"href":"https:\/\/www.ecuadoraldia.com.ec\/index.php?rest_route=%2Fwp%2Fv2%2Fcategories&post=14453"},{"taxonomy":"post_tag","embeddable":true,"href":"https:\/\/www.ecuadoraldia.com.ec\/index.php?rest_route=%2Fwp%2Fv2%2Ftags&post=14453"}],"curies":[{"name":"wp","href":"https:\/\/api.w.org\/{rel}","templated":true}]}}