{"id":14465,"date":"2017-03-07T13:45:48","date_gmt":"2017-03-07T13:45:48","guid":{"rendered":"http:\/\/www.ecuadoraldia.com.ec\/?p=14465"},"modified":"2017-03-07T13:55:50","modified_gmt":"2017-03-07T13:55:50","slug":"patino-responde-a-castro","status":"publish","type":"post","link":"https:\/\/www.ecuadoraldia.com.ec\/?p=14465","title":{"rendered":"Pati\u00f1o responde a Castro"},"content":{"rendered":"<figure id=\"attachment_14466\" aria-describedby=\"caption-attachment-14466\" style=\"width: 300px\" class=\"wp-caption alignleft\"><a href=\"http:\/\/www.ecuadoraldia.com.ec\/wp-content\/uploads\/2017\/03\/excomandante-dice-que-no-permitieron-vigilar-conteo-de-votos.jpg\" rel=\"attachment wp-att-14466\"><img loading=\"lazy\" decoding=\"async\" class=\"size-medium wp-image-14466\" src=\"http:\/\/www.ecuadoraldia.com.ec\/wp-content\/uploads\/2017\/03\/excomandante-dice-que-no-permitieron-vigilar-conteo-de-votos-300x200.jpg\" alt=\"foto la hora\" width=\"300\" height=\"200\" srcset=\"https:\/\/www.ecuadoraldia.com.ec\/wp-content\/uploads\/2017\/03\/excomandante-dice-que-no-permitieron-vigilar-conteo-de-votos-300x200.jpg 300w, https:\/\/www.ecuadoraldia.com.ec\/wp-content\/uploads\/2017\/03\/excomandante-dice-que-no-permitieron-vigilar-conteo-de-votos-768x513.jpg 768w, https:\/\/www.ecuadoraldia.com.ec\/wp-content\/uploads\/2017\/03\/excomandante-dice-que-no-permitieron-vigilar-conteo-de-votos.jpg 999w\" sizes=\"(max-width: 300px) 100vw, 300px\" \/><\/a><figcaption id=\"caption-attachment-14466\" class=\"wp-caption-text\">foto la hora<\/figcaption><\/figure>\n<p style=\"text-align: justify;\">El ministro de Defensa, Ricardo Pati\u00f1o, a trav\u00e9s de su cuenta de Twitter enfatiz\u00f3 que \u201cno le compete a los miliatres dar declaraciones pol\u00edticas ni pretender constituirse en \u00e1rbitro electoral. Le est\u00e1 prohibido por la ley\u201d. Adem\u00e1s puntualiz\u00f3 sobre la competencia de la autoridad del Ej\u00e9rcito: \u201cal comandante de la Fuerza Terrestre le corresponde dar seguridad al proceso electoral, cumpliendo con las disposiciones del Comando Conjunto\u201d.<\/p>\n<p style=\"text-align: justify;\">Durante el pronunciamiento del exjefe del ej\u00e9rcito ante los medios de comunicaci\u00f3n, se exhort\u00f3 a los soldados para que \u201ccontin\u00faen brindando seguridad al proceso electoral, para que se respete la sagrada voluntad del pueblo ecuatoriano\u201d. Sin embargo, el ministro Pati\u00f1o resalt\u00f3 que \u201cla Constituci\u00f3n dispone expresamente funciones de las Fuerzas Armadas y obligaci\u00f3n de respetar sus instancias internas. Nadie las puede desconocer\u201d. Pati\u00f1o asegur\u00f3 que al Consejo Nacional Electoral (CNE) le corresponder\u00e1 responder las declaraciones de Castro.<\/p>\n<p><iframe loading=\"lazy\" width=\"800\" height=\"450\" src=\"https:\/\/www.youtube.com\/embed\/xrF8O-f63Uw?feature=oembed\" frameborder=\"0\" allowfullscreen><\/iframe><\/p>\n<p>Como soldado de honor me allano a la voluntad presidencial, no obstante expreso mi profundo malestar porque estas decisiones afectan la estabilidad del glorioso Ej\u00e9rcito.<\/p>\n<p>Dijo que aceptaba la decisi\u00f3n presidencial de pasar al retiro militar. Exhort\u00f3 a los soldados a continuar brindando seguridad al proceso electoral, en el cual se respete la sagrada voluntad del pueblo ecuatoriano. Dijo que su pasi\u00f3n fue siempre servir al ej\u00e9rcito y a la Patria.<br \/>\n<a href=\"http:\/\/www.ecuadoraldia.com.ec\/wp-content\/uploads\/2017\/03\/7406d626d8.jpg\" rel=\"attachment wp-att-14467\"><img loading=\"lazy\" decoding=\"async\" class=\"alignleft size-medium wp-image-14467\" src=\"http:\/\/www.ecuadoraldia.com.ec\/wp-content\/uploads\/2017\/03\/7406d626d8-300x142.jpg\" alt=\"7406d626d8\" width=\"300\" height=\"142\" srcset=\"https:\/\/www.ecuadoraldia.com.ec\/wp-content\/uploads\/2017\/03\/7406d626d8-300x142.jpg 300w, https:\/\/www.ecuadoraldia.com.ec\/wp-content\/uploads\/2017\/03\/7406d626d8-768x362.jpg 768w, https:\/\/www.ecuadoraldia.com.ec\/wp-content\/uploads\/2017\/03\/7406d626d8-1024x483.jpg 1024w, https:\/\/www.ecuadoraldia.com.ec\/wp-content\/uploads\/2017\/03\/7406d626d8.jpg 1170w\" sizes=\"(max-width: 300px) 100vw, 300px\" \/><\/a>Tiempo despu\u00e9s, el Ministerio de Defensa emiti\u00f3 un comunicado en el que explica el cambio de mando al interior del Ej\u00e9rcito: La designaci\u00f3n de un Nuevo Comandante del Ej\u00e9rcito es un hecho leg\u00edtimo y no vulnera de ninguna manera la institucionalidad de las Fuerzas Armadas. La Constituci\u00f3n de la Rep\u00fablica, la Ley Org\u00e1nica de la Defensa Nacional y la Ley de Personal de las Fuerzas Armadas amparan esta decisi\u00f3n.<\/p>\n<p style=\"text-align: justify;\">El Se\u00f1or Presidente, Economista Rafael Correa Delgado, puede remover en cualquier momento al Alto Mando o algunos de sus miembros v\u00eda decreto y, de la misma manera nombrar a quienes reemplazar\u00e1n a los oficiales salientes. Luego de las declaraciones vertidas por el Se\u00f1or General de Divisi\u00f3n, Luis Castro una vez que ha sido cesado en sus funciones de Comandante General del Ej\u00e9rcito, por el Se\u00f1or Economista Rafael Correa, es importante que la ciudadan\u00eda en general y los medios de comunicaci\u00f3n conozcan: El Consejo de Generales de las Fuerzas Armadas son instancias debidamente normadas en la Ley Org\u00e1nica de Defensa Nacional, as\u00ed como mediante Reglamento Interno, en el cual se establece claramente su conformaci\u00f3n y funcionamiento.<br \/>\nEn esos t\u00e9rminos, los Consejos de Generales no funcionan para analizar escenarios a nivel pol\u00edtico o pronunciarse al respecto, estas reuniones tratan exclusivamente temas de car\u00e1cter militar y deben ser convocadas con por lo menos 24 horas de anticipaci\u00f3n; para la aprobaci\u00f3n de las actas emanadas del Consejo se requiere al menos el 75% de la totalidad de sus miembros.<br \/>\nEl supuesto Consejo al que se refiere el Ex Comandante Castro, podr\u00eda haberse dado como una reuni\u00f3n irregular, y en ese sentido, carece de la calificaci\u00f3n de Consejo de Generales, por esta raz\u00f3n no se ha podido evidenciar la convocatoria, ni la resoluci\u00f3n firmada por todos los miembros. En relaci\u00f3n a la custodia del material en el proceso electoral, las Fuerzas Armadas cumplieron a cabalidad su trabajo, y as\u00ed inform\u00f3 el Se\u00f1or Teniente General Cesar Merizalde, Jefe del Comando Conjunto al Se\u00f1or Ministro Ricardo Pati\u00f1o Aroca, mediante documento remitido luego del proceso electoral .<\/p>\n<p style=\"text-align: justify;\">Cabe recordar que la misi\u00f3n de las Fuerzas Armadas en los procesos electorales se enmarca en el Art. 179 de la Ley Org\u00e1nica Electoral y De Organizaciones Pol\u00edticas De La Republica Del Ecuador, C\u00f3digo De La Democracia. El Ministerio de Defensa Nacional exhorta a la ciudadan\u00eda y a los medios de comunicaci\u00f3n a informarse a trav\u00e9s de fuentes oficiales. (I) Telegrafo<\/p>\n","protected":false},"excerpt":{"rendered":"<p>El ministro de Defensa, Ricardo Pati\u00f1o, a trav\u00e9s de su cuenta de Twitter enfatiz\u00f3 que \u201cno le compete a los<\/p>\n","protected":false},"author":1,"featured_media":14466,"comment_status":"open","ping_status":"open","sticky":false,"template":"","format":"standard","meta":{"footnotes":""},"categories":[3],"tags":[],"_links":{"self":[{"href":"https:\/\/www.ecuadoraldia.com.ec\/index.php?rest_route=\/wp\/v2\/posts\/14465"}],"collection":[{"href":"https:\/\/www.ecuadoraldia.com.ec\/index.php?rest_route=\/wp\/v2\/posts"}],"about":[{"href":"https:\/\/www.ecuadoraldia.com.ec\/index.php?rest_route=\/wp\/v2\/types\/post"}],"author":[{"embeddable":true,"href":"https:\/\/www.ecuadoraldia.com.ec\/index.php?rest_route=\/wp\/v2\/users\/1"}],"replies":[{"embeddable":true,"href":"https:\/\/www.ecuadoraldia.com.ec\/index.php?rest_route=%2Fwp%2Fv2%2Fcomments&post=14465"}],"version-history":[{"count":3,"href":"https:\/\/www.ecuadoraldia.com.ec\/index.php?rest_route=\/wp\/v2\/posts\/14465\/revisions"}],"predecessor-version":[{"id":14470,"href":"https:\/\/www.ecuadoraldia.com.ec\/index.php?rest_route=\/wp\/v2\/posts\/14465\/revisions\/14470"}],"wp:featuredmedia":[{"embeddable":true,"href":"https:\/\/www.ecuadoraldia.com.ec\/index.php?rest_route=\/wp\/v2\/media\/14466"}],"wp:attachment":[{"href":"https:\/\/www.ecuadoraldia.com.ec\/index.php?rest_route=%2Fwp%2Fv2%2Fmedia&parent=14465"}],"wp:term":[{"taxonomy":"category","embeddable":true,"href":"https:\/\/www.ecuadoraldia.com.ec\/index.php?rest_route=%2Fwp%2Fv2%2Fcategories&post=14465"},{"taxonomy":"post_tag","embeddable":true,"href":"https:\/\/www.ecuadoraldia.com.ec\/index.php?rest_route=%2Fwp%2Fv2%2Ftags&post=14465"}],"curies":[{"name":"wp","href":"https:\/\/api.w.org\/{rel}","templated":true}]}}