{"id":14519,"date":"2017-03-16T14:45:29","date_gmt":"2017-03-16T14:45:29","guid":{"rendered":"http:\/\/www.ecuadoraldia.com.ec\/?p=14519"},"modified":"2017-03-16T14:45:29","modified_gmt":"2017-03-16T14:45:29","slug":"viteri-critico-en-ecuavisa-propuesta-de-lasso-sobre-constituyente","status":"publish","type":"post","link":"https:\/\/www.ecuadoraldia.com.ec\/?p=14519","title":{"rendered":"Viteri critic\u00f3 en Ecuavisa  propuesta de Lasso sobre Constituyente"},"content":{"rendered":"<p style=\"text-align: justify;\"><a href=\"http:\/\/www.ecuadoraldia.com.ec\/wp-content\/uploads\/2017\/03\/vieteri.jpg\" rel=\"attachment wp-att-14520\"><img loading=\"lazy\" decoding=\"async\" class=\"alignleft size-medium wp-image-14520\" src=\"http:\/\/www.ecuadoraldia.com.ec\/wp-content\/uploads\/2017\/03\/vieteri-300x141.jpg\" alt=\"vieteri\" width=\"300\" height=\"141\" srcset=\"https:\/\/www.ecuadoraldia.com.ec\/wp-content\/uploads\/2017\/03\/vieteri-300x141.jpg 300w, https:\/\/www.ecuadoraldia.com.ec\/wp-content\/uploads\/2017\/03\/vieteri.jpg 503w\" sizes=\"(max-width: 300px) 100vw, 300px\" \/><\/a>La excandidata presidencial por el Partido Social Cristiano (PSC), Cynthia Viteri, en entrevista con Ecuavisa hoy critic\u00f3 la propuesta del candidato Guillermo Lasso de convocar a una Asamblea Constituyente en caso de llegar a la Presidencia.<\/p>\n<p style=\"text-align: justify;\">Para viteri, se necesita solo una consulta popular para modificar puntos espec\u00edficos de la Constituci\u00f3n. Primero por que es r\u00e1pida, pr\u00e1ctica, cuesta menos, los resultados son efectivos, puedes hacer los cambios necesarios en la Constituci\u00f3n de la Rep\u00fablica\u00bb, dijo.<\/p>\n<p style=\"text-align: justify;\">Pero esta respuesta provoc\u00f3 que el entrevistador Alfredo Pinoargote criticara la postura de Viteri.<br \/>\n\u00abUstedes los socialcristianos son un ejemplo de un pragmatismo, saben que no es tan sencillo hacer esa consulta\u00bb, le dijo a la invitada, defendiendo el proyecto de una Constituyente. Sin embargo, Viteri le respondi\u00f3 que tanto una Asamblea Constituyente como una consulta popular deben pasar por la Corte Constitucional para su aprobaci\u00f3n.<\/p>\n<p style=\"text-align: justify;\">Pinoargote, al contraataque, indic\u00f3 que el art\u00edculo 444 de la Constituci\u00f3n le da facultades al jefe de Estado de llamar a una Constituyente. Pero Viteri le insisti\u00f3 al entrevistador, que igual debe contar con la aprobaci\u00f3n de la Corte Constitucional.<\/p>\n<p style=\"text-align: justify;\">En medio de la discusi\u00f3n, Pinoargote le consult\u00f3 a Viteri si el hecho de que el PSC haya alcanzado 15 legisladores en la nueva Asamblea -su mejor resultado en el Parlamento desde 2002- \u00abser\u00eda una buena raz\u00f3n para evitar la Constituyente\u00bb.<\/p>\n<p style=\"text-align: justify;\">Viteri respondi\u00f3, que una Constituyente afectar\u00eda a todas las fuerzas pol\u00edticas del Legislativo, incluido a CREO: posteriormente apareci\u00f3 la m\u00fasica de fondo apareci\u00f3 en entrevistas y Pinoargote dijo que: \u00abbueno, ya se nos acab\u00f3 el tiempo\u00bb, pero la ex candidata Presidencial le pidi\u00f3 dejarla concluir su idea, la que logr\u00f3 a medias. (I)<\/p>\n","protected":false},"excerpt":{"rendered":"<p>La excandidata presidencial por el Partido Social Cristiano (PSC), Cynthia Viteri, en entrevista con Ecuavisa hoy critic\u00f3 la propuesta del<\/p>\n","protected":false},"author":1,"featured_media":14520,"comment_status":"open","ping_status":"open","sticky":false,"template":"","format":"standard","meta":{"footnotes":""},"categories":[15],"tags":[],"_links":{"self":[{"href":"https:\/\/www.ecuadoraldia.com.ec\/index.php?rest_route=\/wp\/v2\/posts\/14519"}],"collection":[{"href":"https:\/\/www.ecuadoraldia.com.ec\/index.php?rest_route=\/wp\/v2\/posts"}],"about":[{"href":"https:\/\/www.ecuadoraldia.com.ec\/index.php?rest_route=\/wp\/v2\/types\/post"}],"author":[{"embeddable":true,"href":"https:\/\/www.ecuadoraldia.com.ec\/index.php?rest_route=\/wp\/v2\/users\/1"}],"replies":[{"embeddable":true,"href":"https:\/\/www.ecuadoraldia.com.ec\/index.php?rest_route=%2Fwp%2Fv2%2Fcomments&post=14519"}],"version-history":[{"count":1,"href":"https:\/\/www.ecuadoraldia.com.ec\/index.php?rest_route=\/wp\/v2\/posts\/14519\/revisions"}],"predecessor-version":[{"id":14521,"href":"https:\/\/www.ecuadoraldia.com.ec\/index.php?rest_route=\/wp\/v2\/posts\/14519\/revisions\/14521"}],"wp:featuredmedia":[{"embeddable":true,"href":"https:\/\/www.ecuadoraldia.com.ec\/index.php?rest_route=\/wp\/v2\/media\/14520"}],"wp:attachment":[{"href":"https:\/\/www.ecuadoraldia.com.ec\/index.php?rest_route=%2Fwp%2Fv2%2Fmedia&parent=14519"}],"wp:term":[{"taxonomy":"category","embeddable":true,"href":"https:\/\/www.ecuadoraldia.com.ec\/index.php?rest_route=%2Fwp%2Fv2%2Fcategories&post=14519"},{"taxonomy":"post_tag","embeddable":true,"href":"https:\/\/www.ecuadoraldia.com.ec\/index.php?rest_route=%2Fwp%2Fv2%2Ftags&post=14519"}],"curies":[{"name":"wp","href":"https:\/\/api.w.org\/{rel}","templated":true}]}}