{"id":14536,"date":"2017-03-20T19:58:03","date_gmt":"2017-03-20T19:58:03","guid":{"rendered":"http:\/\/www.ecuadoraldia.com.ec\/?p=14536"},"modified":"2017-03-20T20:34:07","modified_gmt":"2017-03-20T20:34:07","slug":"accidente-aereo-en-sudan-todos-los-pasajeros-sobreviven-tras-aterrizaje-milagroso","status":"publish","type":"post","link":"https:\/\/www.ecuadoraldia.com.ec\/?p=14536","title":{"rendered":"En Sud\u00e1n: pasajeros de un avi\u00f3n sobreviven tras aterrizaje &#8216;milagroso&#8217;"},"content":{"rendered":"<p style=\"text-align: justify;\"><a href=\"http:\/\/www.ecuadoraldia.com.ec\/wp-content\/uploads\/2017\/03\/sudan-.jpg\" rel=\"attachment wp-att-14537\"><img loading=\"lazy\" decoding=\"async\" class=\"alignleft size-medium wp-image-14537\" src=\"http:\/\/www.ecuadoraldia.com.ec\/wp-content\/uploads\/2017\/03\/sudan--300x168.jpg\" alt=\"sudan-\" width=\"300\" height=\"168\" srcset=\"https:\/\/www.ecuadoraldia.com.ec\/wp-content\/uploads\/2017\/03\/sudan--300x168.jpg 300w, https:\/\/www.ecuadoraldia.com.ec\/wp-content\/uploads\/2017\/03\/sudan--768x431.jpg 768w, https:\/\/www.ecuadoraldia.com.ec\/wp-content\/uploads\/2017\/03\/sudan-.jpg 780w\" sizes=\"(max-width: 300px) 100vw, 300px\" \/><\/a>(CNN) &#8211; Un avi\u00f3n comercial hizo un aterrizaje forzoso por mal tiempo en un aeropuerto de Sud\u00e1n del Sur este lunes, causando varias lesiones, pero no muertos.<\/p>\n<p style=\"text-align: justify;\">\u00abEs completamente milagroso\u00bb, dijo Ateny Wek Ateny, portavoz presidencial de Sud\u00e1n del Sur. \u00abS\u00f3lo hay heridos leves, no hubo ni una sola muerte\u00bb.<\/p>\n<p style=\"text-align: justify;\">El incidente tuvo lugar en el aeropuerto de Wau, en el noroeste de Sud\u00e1n del Sur.<\/p>\n<p style=\"text-align: justify;\">Ambos Wal Achieng, un funcionario de la aerol\u00ednea South Supreme en Wau dijo que 43 personas iban abordo: 40 adultos y tres ni\u00f1os.<\/p>\n<p style=\"text-align: justify;\">Achieng dijo que 25 personas fueron llevadas a un hospital y 18 est\u00e1n a salvo y han vuelto a sus hogares.<\/p>\n<p style=\"text-align: justify;\">\u00abEl clima no estuvo bien\u00bb, dijo Achieng, citando condiciones muy nubladas.<\/p>\n<p style=\"text-align: justify;\">\u00abEso hizo que el avi\u00f3n no viera la pista\u00bb, a\u00f1adi\u00f3.<\/p>\n<p style=\"text-align: justify;\">El avi\u00f3n se dirig\u00eda desde la capital, Juba, a Wau. Ateny dijo que el avi\u00f3n sobrepas\u00f3 la pista cuando encontr\u00f3 niebla alrededor de las 2 de la madrugada local y se incendi\u00f3 cuando cay\u00f3 al suelo. Juba se encuentra en la regi\u00f3n sur del pa\u00eds.<\/p>\n<p style=\"text-align: justify;\">Achieng dijo que el fuego inicialmente llev\u00f3 a muchas personas a pensar que no habr\u00eda sobrevivientes.<\/p>\n<p style=\"text-align: justify;\">Sud\u00e1n del Sur, que obtuvo su independencia de Sud\u00e1n en 2001, ha soportado la inestabilidad pol\u00edtica de guerra y el hambre.<\/p>\n<p style=\"text-align: justify;\">Se trata de un pa\u00eds sin salida al mar en el centro-este de \u00c1frica, que limita con Sud\u00e1n, Etiop\u00eda, Kenya, Uganda, la Rep\u00fablica Democr\u00e1tica del Congo y la Rep\u00fablica Centroafricana.<\/p>\n<p style=\"text-align: justify;\">M\u00e1s de 12 millones de personas viven en Sud\u00e1n del Sur. Est\u00e1 poblada por muchos grupos \u00e9tnicos, incluyendo a los Dinka y Nuer, y las religiones dominantes son cristianas y animistas. (CNN)<\/p>\n","protected":false},"excerpt":{"rendered":"<p>(CNN) &#8211; Un avi\u00f3n comercial hizo un aterrizaje forzoso por mal tiempo en un aeropuerto de Sud\u00e1n del Sur este<\/p>\n","protected":false},"author":1,"featured_media":14537,"comment_status":"open","ping_status":"open","sticky":false,"template":"","format":"standard","meta":{"footnotes":""},"categories":[7],"tags":[],"_links":{"self":[{"href":"https:\/\/www.ecuadoraldia.com.ec\/index.php?rest_route=\/wp\/v2\/posts\/14536"}],"collection":[{"href":"https:\/\/www.ecuadoraldia.com.ec\/index.php?rest_route=\/wp\/v2\/posts"}],"about":[{"href":"https:\/\/www.ecuadoraldia.com.ec\/index.php?rest_route=\/wp\/v2\/types\/post"}],"author":[{"embeddable":true,"href":"https:\/\/www.ecuadoraldia.com.ec\/index.php?rest_route=\/wp\/v2\/users\/1"}],"replies":[{"embeddable":true,"href":"https:\/\/www.ecuadoraldia.com.ec\/index.php?rest_route=%2Fwp%2Fv2%2Fcomments&post=14536"}],"version-history":[{"count":3,"href":"https:\/\/www.ecuadoraldia.com.ec\/index.php?rest_route=\/wp\/v2\/posts\/14536\/revisions"}],"predecessor-version":[{"id":14540,"href":"https:\/\/www.ecuadoraldia.com.ec\/index.php?rest_route=\/wp\/v2\/posts\/14536\/revisions\/14540"}],"wp:featuredmedia":[{"embeddable":true,"href":"https:\/\/www.ecuadoraldia.com.ec\/index.php?rest_route=\/wp\/v2\/media\/14537"}],"wp:attachment":[{"href":"https:\/\/www.ecuadoraldia.com.ec\/index.php?rest_route=%2Fwp%2Fv2%2Fmedia&parent=14536"}],"wp:term":[{"taxonomy":"category","embeddable":true,"href":"https:\/\/www.ecuadoraldia.com.ec\/index.php?rest_route=%2Fwp%2Fv2%2Fcategories&post=14536"},{"taxonomy":"post_tag","embeddable":true,"href":"https:\/\/www.ecuadoraldia.com.ec\/index.php?rest_route=%2Fwp%2Fv2%2Ftags&post=14536"}],"curies":[{"name":"wp","href":"https:\/\/api.w.org\/{rel}","templated":true}]}}