{"id":14541,"date":"2017-03-21T19:59:12","date_gmt":"2017-03-21T19:59:12","guid":{"rendered":"http:\/\/www.ecuadoraldia.com.ec\/?p=14541"},"modified":"2017-03-21T19:59:12","modified_gmt":"2017-03-21T19:59:12","slug":"market-moreno-521-lasso-479","status":"publish","type":"post","link":"https:\/\/www.ecuadoraldia.com.ec\/?p=14541","title":{"rendered":"Market:  Moreno 52,1% &#8211; Lasso 47,9%"},"content":{"rendered":"<p style=\"text-align: justify;\"><a href=\"http:\/\/www.ecuadoraldia.com.ec\/wp-content\/uploads\/2017\/03\/dos-fi.jpg\" rel=\"attachment wp-att-14542\"><img loading=\"lazy\" decoding=\"async\" class=\"alignleft size-medium wp-image-14542\" src=\"http:\/\/www.ecuadoraldia.com.ec\/wp-content\/uploads\/2017\/03\/dos-fi-300x142.jpg\" alt=\"dos fi\" width=\"300\" height=\"142\" srcset=\"https:\/\/www.ecuadoraldia.com.ec\/wp-content\/uploads\/2017\/03\/dos-fi-300x142.jpg 300w, https:\/\/www.ecuadoraldia.com.ec\/wp-content\/uploads\/2017\/03\/dos-fi.jpg 644w\" sizes=\"(max-width: 300px) 100vw, 300px\" \/><\/a>La empresa Market present\u00f3 un nuevo estudio de cara al balotaje del pr\u00f3ximo 2 de abril. Blasco Pe\u00f1aherrera, director de la compa\u00f1\u00eda, inform\u00f3 que la encuesta se cerr\u00f3 la madrugada de este martes 21 de marzo.<\/p>\n<p style=\"text-align: justify;\">El estudio arroja los siguientes resultados: Len\u00edn Moreno, de Alianza PAIS, alcanza el 52,1%; mientras que Guillermo Lasso, de SUMA-CREO, obtiene el 47,9% de los votos v\u00e1lidos. Pe\u00f1aherrera dijo que estos resultados est\u00e1n fuera del margen de error, por lo que no se puede hablar de un empate t\u00e9cnico. Seg\u00fan el estudio realizado con una muestra de 2.240 casos, entre el 19 y 20 de marzo, el 84,51% de la poblaci\u00f3n ya decidi\u00f3 su voto.<\/p>\n<p style=\"text-align: justify;\">El trabajo tiene un margen de error del 2,8%. Este \u00faltimo dato difiere del presentado el d\u00eda lunes por el propio Pe\u00f1aherrera a la cadena CNN. En esa encuesta -que se cerr\u00f3 el domingo- Moreno ten\u00eda el 53,2% frente al 46,8% de Lasso. Los datos obtenidos se realizaron a trav\u00e9s de una encuesta directa en hogares, tanto a hombres como mujeres, mayores de 18 a\u00f1os, facultados para sufragar el pr\u00f3ximo proceso electoral. (I)<\/p>\n","protected":false},"excerpt":{"rendered":"<p>La empresa Market present\u00f3 un nuevo estudio de cara al balotaje del pr\u00f3ximo 2 de abril. Blasco Pe\u00f1aherrera, director de<\/p>\n","protected":false},"author":1,"featured_media":14542,"comment_status":"open","ping_status":"open","sticky":false,"template":"","format":"standard","meta":{"footnotes":""},"categories":[3],"tags":[],"_links":{"self":[{"href":"https:\/\/www.ecuadoraldia.com.ec\/index.php?rest_route=\/wp\/v2\/posts\/14541"}],"collection":[{"href":"https:\/\/www.ecuadoraldia.com.ec\/index.php?rest_route=\/wp\/v2\/posts"}],"about":[{"href":"https:\/\/www.ecuadoraldia.com.ec\/index.php?rest_route=\/wp\/v2\/types\/post"}],"author":[{"embeddable":true,"href":"https:\/\/www.ecuadoraldia.com.ec\/index.php?rest_route=\/wp\/v2\/users\/1"}],"replies":[{"embeddable":true,"href":"https:\/\/www.ecuadoraldia.com.ec\/index.php?rest_route=%2Fwp%2Fv2%2Fcomments&post=14541"}],"version-history":[{"count":1,"href":"https:\/\/www.ecuadoraldia.com.ec\/index.php?rest_route=\/wp\/v2\/posts\/14541\/revisions"}],"predecessor-version":[{"id":14543,"href":"https:\/\/www.ecuadoraldia.com.ec\/index.php?rest_route=\/wp\/v2\/posts\/14541\/revisions\/14543"}],"wp:featuredmedia":[{"embeddable":true,"href":"https:\/\/www.ecuadoraldia.com.ec\/index.php?rest_route=\/wp\/v2\/media\/14542"}],"wp:attachment":[{"href":"https:\/\/www.ecuadoraldia.com.ec\/index.php?rest_route=%2Fwp%2Fv2%2Fmedia&parent=14541"}],"wp:term":[{"taxonomy":"category","embeddable":true,"href":"https:\/\/www.ecuadoraldia.com.ec\/index.php?rest_route=%2Fwp%2Fv2%2Fcategories&post=14541"},{"taxonomy":"post_tag","embeddable":true,"href":"https:\/\/www.ecuadoraldia.com.ec\/index.php?rest_route=%2Fwp%2Fv2%2Ftags&post=14541"}],"curies":[{"name":"wp","href":"https:\/\/api.w.org\/{rel}","templated":true}]}}