{"id":14581,"date":"2017-03-30T17:55:15","date_gmt":"2017-03-30T17:55:15","guid":{"rendered":"http:\/\/www.ecuadoraldia.com.ec\/?p=14581"},"modified":"2017-03-30T19:46:25","modified_gmt":"2017-03-30T19:46:25","slug":"la-mana-respalda-a-lenin-moreno","status":"publish","type":"post","link":"https:\/\/www.ecuadoraldia.com.ec\/?p=14581","title":{"rendered":"LA MANA  RESPALDA A MORENO"},"content":{"rendered":"<p><a href=\"http:\/\/www.ecuadoraldia.com.ec\/wp-content\/uploads\/2017\/03\/WhatsApp-Image-2017-03-29-at-11.24.49-PM.jpeg\" rel=\"attachment wp-att-14582\"><img loading=\"lazy\" decoding=\"async\" class=\"alignleft size-medium wp-image-14582\" src=\"http:\/\/www.ecuadoraldia.com.ec\/wp-content\/uploads\/2017\/03\/WhatsApp-Image-2017-03-29-at-11.24.49-PM-300x225.jpeg\" alt=\"WhatsApp Image 2017-03-29 at 11.24.49 PM\" width=\"300\" height=\"225\" srcset=\"https:\/\/www.ecuadoraldia.com.ec\/wp-content\/uploads\/2017\/03\/WhatsApp-Image-2017-03-29-at-11.24.49-PM-300x225.jpeg 300w, https:\/\/www.ecuadoraldia.com.ec\/wp-content\/uploads\/2017\/03\/WhatsApp-Image-2017-03-29-at-11.24.49-PM-768x576.jpeg 768w, https:\/\/www.ecuadoraldia.com.ec\/wp-content\/uploads\/2017\/03\/WhatsApp-Image-2017-03-29-at-11.24.49-PM-1024x768.jpeg 1024w, https:\/\/www.ecuadoraldia.com.ec\/wp-content\/uploads\/2017\/03\/WhatsApp-Image-2017-03-29-at-11.24.49-PM.jpeg 1280w\" sizes=\"(max-width: 300px) 100vw, 300px\" \/><\/a>Reencuentro hist\u00f3rico y revolucionario entre las comunidades de San Pedro y El Deseo, pertenecientes a los cantones de La Man\u00e1 y Pangua respectivamente en la provincia de Cotopaxi.<\/p>\n<p>La presencia y participaci\u00f3n conto con la presencia \u00a0de los alcaldes Juan Mu\u00f1oz, Juan Villamar, concejales,\u00a0\u00a0 Carmen Garc\u00eda asamble\u00edsta, compa\u00f1eros del Ministerio de Agricultura \u00a0y Pesca Ministerio de Salud P\u00fablica, as\u00ed como l\u00edderes de la Asamblea Cantonal de La Man\u00e1, disfrutamos del cari\u00f1o y apoyo de los dirigentes y comuneros, quienes manifestaron entregar \u00a0todo el apoyo y respaldo pol\u00edtico a nuestro compa\u00f1ero Lenin Moreno desde ya Presidente de los ecuatorianos.<\/p>\n<p><a href=\"http:\/\/www.ecuadoraldia.com.ec\/wp-content\/uploads\/2017\/03\/WhatsApp-Image-2017-03-29-at-11.25.01-PM.jpeg\" rel=\"attachment wp-att-14583\"><img loading=\"lazy\" decoding=\"async\" class=\"alignleft size-medium wp-image-14583\" src=\"http:\/\/www.ecuadoraldia.com.ec\/wp-content\/uploads\/2017\/03\/WhatsApp-Image-2017-03-29-at-11.25.01-PM-300x225.jpeg\" alt=\"WhatsApp Image 2017-03-29 at 11.25.01 PM\" width=\"300\" height=\"225\" srcset=\"https:\/\/www.ecuadoraldia.com.ec\/wp-content\/uploads\/2017\/03\/WhatsApp-Image-2017-03-29-at-11.25.01-PM-300x225.jpeg 300w, https:\/\/www.ecuadoraldia.com.ec\/wp-content\/uploads\/2017\/03\/WhatsApp-Image-2017-03-29-at-11.25.01-PM-768x577.jpeg 768w, https:\/\/www.ecuadoraldia.com.ec\/wp-content\/uploads\/2017\/03\/WhatsApp-Image-2017-03-29-at-11.25.01-PM-1024x770.jpeg 1024w, https:\/\/www.ecuadoraldia.com.ec\/wp-content\/uploads\/2017\/03\/WhatsApp-Image-2017-03-29-at-11.25.01-PM.jpeg 1280w\" sizes=\"(max-width: 300px) 100vw, 300px\" \/><\/a><\/p>\n<p>Juan Villamar burgomestre del Canton la Mana reitero\u00a0 todo el respaldo del su pueblo en las proximas elecciones.<\/p>\n<p>&nbsp;<\/p>\n","protected":false},"excerpt":{"rendered":"<p>Reencuentro hist\u00f3rico y revolucionario entre las comunidades de San Pedro y El Deseo, pertenecientes a los cantones de La Man\u00e1<\/p>\n","protected":false},"author":1,"featured_media":14583,"comment_status":"open","ping_status":"open","sticky":false,"template":"","format":"standard","meta":{"footnotes":""},"categories":[1],"tags":[],"_links":{"self":[{"href":"https:\/\/www.ecuadoraldia.com.ec\/index.php?rest_route=\/wp\/v2\/posts\/14581"}],"collection":[{"href":"https:\/\/www.ecuadoraldia.com.ec\/index.php?rest_route=\/wp\/v2\/posts"}],"about":[{"href":"https:\/\/www.ecuadoraldia.com.ec\/index.php?rest_route=\/wp\/v2\/types\/post"}],"author":[{"embeddable":true,"href":"https:\/\/www.ecuadoraldia.com.ec\/index.php?rest_route=\/wp\/v2\/users\/1"}],"replies":[{"embeddable":true,"href":"https:\/\/www.ecuadoraldia.com.ec\/index.php?rest_route=%2Fwp%2Fv2%2Fcomments&post=14581"}],"version-history":[{"count":4,"href":"https:\/\/www.ecuadoraldia.com.ec\/index.php?rest_route=\/wp\/v2\/posts\/14581\/revisions"}],"predecessor-version":[{"id":14591,"href":"https:\/\/www.ecuadoraldia.com.ec\/index.php?rest_route=\/wp\/v2\/posts\/14581\/revisions\/14591"}],"wp:featuredmedia":[{"embeddable":true,"href":"https:\/\/www.ecuadoraldia.com.ec\/index.php?rest_route=\/wp\/v2\/media\/14583"}],"wp:attachment":[{"href":"https:\/\/www.ecuadoraldia.com.ec\/index.php?rest_route=%2Fwp%2Fv2%2Fmedia&parent=14581"}],"wp:term":[{"taxonomy":"category","embeddable":true,"href":"https:\/\/www.ecuadoraldia.com.ec\/index.php?rest_route=%2Fwp%2Fv2%2Fcategories&post=14581"},{"taxonomy":"post_tag","embeddable":true,"href":"https:\/\/www.ecuadoraldia.com.ec\/index.php?rest_route=%2Fwp%2Fv2%2Ftags&post=14581"}],"curies":[{"name":"wp","href":"https:\/\/api.w.org\/{rel}","templated":true}]}}