{"id":14587,"date":"2017-03-30T19:45:29","date_gmt":"2017-03-30T19:45:29","guid":{"rendered":"http:\/\/www.ecuadoraldia.com.ec\/?p=14587"},"modified":"2017-03-30T19:45:29","modified_gmt":"2017-03-30T19:45:29","slug":"cooperativa-iliniza-demandara-a-empresa-por-mala-construccion-de-via","status":"publish","type":"post","link":"https:\/\/www.ecuadoraldia.com.ec\/?p=14587","title":{"rendered":"Cooperativa \u00abILINIZA\u00bb demandar\u00e1 a empresa  por mala construcci\u00f3n de v\u00eda"},"content":{"rendered":"<p style=\"text-align: justify;\"><a href=\"http:\/\/www.ecuadoraldia.com.ec\/wp-content\/uploads\/2017\/03\/bus-cotopaxi.jpg\" rel=\"attachment wp-att-14588\"><img loading=\"lazy\" decoding=\"async\" class=\"alignleft size-medium wp-image-14588\" src=\"http:\/\/www.ecuadoraldia.com.ec\/wp-content\/uploads\/2017\/03\/bus-cotopaxi-300x166.jpg\" alt=\"bus cotopaxi\" width=\"300\" height=\"166\" srcset=\"https:\/\/www.ecuadoraldia.com.ec\/wp-content\/uploads\/2017\/03\/bus-cotopaxi-300x166.jpg 300w, https:\/\/www.ecuadoraldia.com.ec\/wp-content\/uploads\/2017\/03\/bus-cotopaxi.jpg 728w\" sizes=\"(max-width: 300px) 100vw, 300px\" \/><\/a>Salacedo &#8211; Cotopaxi, martes 28 de marzo de 2017. Representantes de la Cooperativa ILINIZA, fueron\u00a0 recibidos por el Consejo de Administraci\u00f3n de FENACOTIP, presidido por el Ingeniero Giomar Gruezo, quienes solicitaron ayuda de la FEDERACI\u00d3N, para tomar medidas legales contra los responsables de la mala construcci\u00f3n de obras viales en la provincia de Cotopaxi.<\/p>\n<p style=\"text-align: justify;\">El punto principal es que el domingo 26 de marzo a eso de las 05h00 de la\u00a0 madrugada, el bus disco 28 sufri\u00f3 un accidente en el sector de \u201cGuangocalle\u201d \u00a0(carretera Zumbahua \u2013Quilotoa &#8211; Chugchil\u00e1n), en el que muri\u00f3 la esposa del conductor del bus, se\u00f1ora Martha Armas.<\/p>\n<p style=\"text-align: justify;\">Seg\u00fan el abogado de la cooperativa, Germ\u00e1nico Chasi, el bus que sali\u00f3 desde Chugchil\u00e1n a Latacunga, se accident\u00f3 al cruzar un relleno hecho de forma anti t\u00e9cnica, \u00e9ste cede por lo que el automotor cay\u00f3 a un abismo de unos 60 metros aproximadamente,<\/p>\n<p style=\"text-align: justify;\">La carretera construida desde la Parroquia Zumbahua a Chugchil\u00e1n, es ejecutada por la empresa SERRA CUESTA, que deb\u00eda construir un puente en ves del relleno hecho con arena de forma anti t\u00e9cnica, dice el jurista.\u00a0 Ante esto solicit\u00f3 apoyo del departamento jur\u00eddico, para pedir que a trav\u00e9s de Fiscal\u00eda se realicen\u00a0 peritajes geol\u00f3gicos y de construcci\u00f3n para determinar responsabilidades en contra de la empresa, el Consejo Provincial de Cotopaxi y el Ministerio de Obras P\u00fablicas; porque no es justo que el patrimonio de una familia se acabe por la irresponsabilidad de quienes deben realizar las obras con honestidad y con las debidas normas t\u00e9cnicas.<\/p>\n<p style=\"text-align: justify;\">Desde este mi\u00e9rcoles 29 se inician los tr\u00e1mites en Fiscal\u00eda, porque acudieron al MOP a pedir ayuda para sacar el veh\u00edculo siniestrado, sin embargo no tuvieron respuesta positiva, \u201cSe lavaron las manos\u201d diciendo que no tienen la experiencia ni los medios necesaria para proceder, pero si los invitaros a una reuni\u00f3n en el pleno del consejo provincial \u00a0para determinar cu\u00e1ndo pod\u00edan ayudar a sacar el bus. Lo cierto es que el d\u00eda martes 27 el bus fue retirado con la ayuda de las gr\u00faas de la empresa PILICITA que opera en la V\u00eda Aloag Santo Domingo a un costo de USD 3000.<\/p>\n<p style=\"text-align: justify;\"><a href=\"http:\/\/www.ecuadoraldia.com.ec\/wp-content\/uploads\/2017\/03\/iliniza.jpg\" rel=\"attachment wp-att-14589\"><img loading=\"lazy\" decoding=\"async\" class=\"alignleft size-medium wp-image-14589\" src=\"http:\/\/www.ecuadoraldia.com.ec\/wp-content\/uploads\/2017\/03\/iliniza-300x205.jpg\" alt=\"iliniza\" width=\"300\" height=\"205\" srcset=\"https:\/\/www.ecuadoraldia.com.ec\/wp-content\/uploads\/2017\/03\/iliniza-300x205.jpg 300w, https:\/\/www.ecuadoraldia.com.ec\/wp-content\/uploads\/2017\/03\/iliniza-130x90.jpg 130w, https:\/\/www.ecuadoraldia.com.ec\/wp-content\/uploads\/2017\/03\/iliniza.jpg 539w\" sizes=\"(max-width: 300px) 100vw, 300px\" \/><\/a>\u201cNosotros como cooperativa de transporte ILINIZA, no vamos a permitir que estos hechos no queden en la impunidad y aspiro que con apoyo de la FEDERACI\u00d3N encontrar al responsable de la obra mal hecha, que no solo est\u00e1n es esta zona, sino en varias arterias del Pa\u00eds\u201d.<\/p>\n<p style=\"text-align: justify;\">De su lado el Vicepresidente de FENACOTIP, comprometi\u00f3 la ayuda necesaria a los directivos de la empresa para solucionar el tema.<\/p>\n<p style=\"text-align: justify;\">La cooperativa ILINIZA, que\u00a0 actualmente cuenta con 25 socios, recibi\u00f3 el apoyo un\u00e1nime del pleno del Consejo de administraci\u00f3n y posteriormente de los asistentes a la asamblea extraordinaria del 29 de marzo.<\/p>\n","protected":false},"excerpt":{"rendered":"<p>Salacedo &#8211; Cotopaxi, martes 28 de marzo de 2017. Representantes de la Cooperativa ILINIZA, fueron\u00a0 recibidos por el Consejo de<\/p>\n","protected":false},"author":1,"featured_media":14588,"comment_status":"open","ping_status":"open","sticky":false,"template":"","format":"standard","meta":{"footnotes":""},"categories":[1],"tags":[],"_links":{"self":[{"href":"https:\/\/www.ecuadoraldia.com.ec\/index.php?rest_route=\/wp\/v2\/posts\/14587"}],"collection":[{"href":"https:\/\/www.ecuadoraldia.com.ec\/index.php?rest_route=\/wp\/v2\/posts"}],"about":[{"href":"https:\/\/www.ecuadoraldia.com.ec\/index.php?rest_route=\/wp\/v2\/types\/post"}],"author":[{"embeddable":true,"href":"https:\/\/www.ecuadoraldia.com.ec\/index.php?rest_route=\/wp\/v2\/users\/1"}],"replies":[{"embeddable":true,"href":"https:\/\/www.ecuadoraldia.com.ec\/index.php?rest_route=%2Fwp%2Fv2%2Fcomments&post=14587"}],"version-history":[{"count":1,"href":"https:\/\/www.ecuadoraldia.com.ec\/index.php?rest_route=\/wp\/v2\/posts\/14587\/revisions"}],"predecessor-version":[{"id":14590,"href":"https:\/\/www.ecuadoraldia.com.ec\/index.php?rest_route=\/wp\/v2\/posts\/14587\/revisions\/14590"}],"wp:featuredmedia":[{"embeddable":true,"href":"https:\/\/www.ecuadoraldia.com.ec\/index.php?rest_route=\/wp\/v2\/media\/14588"}],"wp:attachment":[{"href":"https:\/\/www.ecuadoraldia.com.ec\/index.php?rest_route=%2Fwp%2Fv2%2Fmedia&parent=14587"}],"wp:term":[{"taxonomy":"category","embeddable":true,"href":"https:\/\/www.ecuadoraldia.com.ec\/index.php?rest_route=%2Fwp%2Fv2%2Fcategories&post=14587"},{"taxonomy":"post_tag","embeddable":true,"href":"https:\/\/www.ecuadoraldia.com.ec\/index.php?rest_route=%2Fwp%2Fv2%2Ftags&post=14587"}],"curies":[{"name":"wp","href":"https:\/\/api.w.org\/{rel}","templated":true}]}}