{"id":14597,"date":"2017-04-01T17:07:51","date_gmt":"2017-04-01T17:07:51","guid":{"rendered":"http:\/\/www.ecuadoraldia.com.ec\/?p=14597"},"modified":"2017-04-01T17:45:30","modified_gmt":"2017-04-01T17:45:30","slug":"tribunal-supremo-de-venezuela-suprime-sentencia-contra-la-asamblea","status":"publish","type":"post","link":"https:\/\/www.ecuadoraldia.com.ec\/?p=14597","title":{"rendered":"Tribunal Supremo de Venezuela suprime sentencia contra la Asamblea"},"content":{"rendered":"<p style=\"text-align: justify;\"><a href=\"http:\/\/www.ecuadoraldia.com.ec\/wp-content\/uploads\/2017\/04\/ven.jpg\" rel=\"attachment wp-att-14605\"><img loading=\"lazy\" decoding=\"async\" class=\"alignleft size-medium wp-image-14605\" src=\"http:\/\/www.ecuadoraldia.com.ec\/wp-content\/uploads\/2017\/04\/ven-300x169.jpg\" alt=\"ven\" width=\"300\" height=\"169\" srcset=\"https:\/\/www.ecuadoraldia.com.ec\/wp-content\/uploads\/2017\/04\/ven-300x169.jpg 300w, https:\/\/www.ecuadoraldia.com.ec\/wp-content\/uploads\/2017\/04\/ven.jpg 630w\" sizes=\"(max-width: 300px) 100vw, 300px\" \/><\/a>Agencia AFP . El m\u00e1ximo tribunal venezolano dio marcha atr\u00e1s este s\u00e1bado a dos sentencias con las cuales se adjudic\u00f3 las facultades del Parlamento dominado por la oposici\u00f3n y que adem\u00e1s confer\u00edan amplios poderes el presidente Nicol\u00e1s Maduro. La decisi\u00f3n fue resultado de un acuerdo entre los representantes de los poderes p\u00fablicos convocados por Maduro.<\/p>\n<p style=\"text-align: justify;\">El Tribunal Supremo de Justicia (TSJ) \u00absuprimi\u00f3\u00bb partes de ambas sentencias. As\u00ed, por un lado revirti\u00f3 su decisi\u00f3n de asumir las funciones de la Asamblea, alegando que se encontraba en \u00abdesacato\u00bb a sus fallos, y del otro anul\u00f3 los poderes que hab\u00eda otorgado a Maduro para revisar la legislaci\u00f3n sobre delincuencia organizada y terrorismo. La corte hab\u00eda justificado esos poderes en el estatus de desacato en que declar\u00f3 al Parlamento hace m\u00e1s de un a\u00f1o, y ante la posibilidad de que en el pa\u00eds se estuvieran cometiendo \u00abdelitos militares\u00bb.<\/p>\n<p style=\"text-align: justify;\">Las cabezas de los poderes p\u00fablicos -agrupados en el llamado Consejo de Defensa- acordaron en la madrugada \u00abexhortar\u00bb al TSJ a \u00abrevisar\u00bb los fallos para \u00abmantener la estabilidad institucional y el equilibrio de poderes\u00bb, seg\u00fan un comunicado. Fueron convocados por Maduro para zanjar diferencias luego de que la fiscal general, Luisa Ortega denunciara el viernes que los fallos del TSJ supon\u00edan una \u00abruptura del orden constitucional\u00bb.<\/p>\n<p style=\"text-align: justify;\">El vicepresidente del Legislativo, Freddy Guevara, hab\u00eda rechazado m\u00e1s temprano el acuerdo, cuando a\u00fan no se conoc\u00edan las modificaciones a los fallos. \u00abUna revisi\u00f3n de la sentencia que deje todo como estaba antes no resuelve un golpe de Estado. Presi\u00f3n nacional e internacional seguir\u00e1 hasta que se restituya el hilo constitucional\u00bb, advirti\u00f3 Guevara en Twitter.<\/p>\n<p style=\"text-align: justify;\">Las decisiones del TSJ generaron fuerte rechazo internacional, especialmente el que le quit\u00f3 las competencias a la c\u00e1mara. Este s\u00e1bado la canciller Delcy Rodr\u00edguez tiene previsto entregar un documento en el TSJ, en un acto al que convoc\u00f3 a diplom\u00e1ticos.<\/p>\n<p style=\"text-align: justify;\">La oposici\u00f3n acusa a Maduro de haber perpetrado un \u00abgolpe de Estado\u00bb, mientras el secretario general de la Organizaci\u00f3n de Estados Americanos (OEA), Luis Almagro, denunci\u00f3 un \u00abautogolpe\u00bb. Pero el mandatario respondi\u00f3 el viernes que \u00aben Venezuela hay plena vigencia de la Constituci\u00f3n, de los derechos civiles y pol\u00edticos, de los derechos humanos\u00bb. (I)<\/p>\n","protected":false},"excerpt":{"rendered":"<p>Agencia AFP . El m\u00e1ximo tribunal venezolano dio marcha atr\u00e1s este s\u00e1bado a dos sentencias con las cuales se adjudic\u00f3<\/p>\n","protected":false},"author":1,"featured_media":14605,"comment_status":"open","ping_status":"open","sticky":false,"template":"","format":"standard","meta":{"footnotes":""},"categories":[1],"tags":[],"_links":{"self":[{"href":"https:\/\/www.ecuadoraldia.com.ec\/index.php?rest_route=\/wp\/v2\/posts\/14597"}],"collection":[{"href":"https:\/\/www.ecuadoraldia.com.ec\/index.php?rest_route=\/wp\/v2\/posts"}],"about":[{"href":"https:\/\/www.ecuadoraldia.com.ec\/index.php?rest_route=\/wp\/v2\/types\/post"}],"author":[{"embeddable":true,"href":"https:\/\/www.ecuadoraldia.com.ec\/index.php?rest_route=\/wp\/v2\/users\/1"}],"replies":[{"embeddable":true,"href":"https:\/\/www.ecuadoraldia.com.ec\/index.php?rest_route=%2Fwp%2Fv2%2Fcomments&post=14597"}],"version-history":[{"count":3,"href":"https:\/\/www.ecuadoraldia.com.ec\/index.php?rest_route=\/wp\/v2\/posts\/14597\/revisions"}],"predecessor-version":[{"id":14606,"href":"https:\/\/www.ecuadoraldia.com.ec\/index.php?rest_route=\/wp\/v2\/posts\/14597\/revisions\/14606"}],"wp:featuredmedia":[{"embeddable":true,"href":"https:\/\/www.ecuadoraldia.com.ec\/index.php?rest_route=\/wp\/v2\/media\/14605"}],"wp:attachment":[{"href":"https:\/\/www.ecuadoraldia.com.ec\/index.php?rest_route=%2Fwp%2Fv2%2Fmedia&parent=14597"}],"wp:term":[{"taxonomy":"category","embeddable":true,"href":"https:\/\/www.ecuadoraldia.com.ec\/index.php?rest_route=%2Fwp%2Fv2%2Fcategories&post=14597"},{"taxonomy":"post_tag","embeddable":true,"href":"https:\/\/www.ecuadoraldia.com.ec\/index.php?rest_route=%2Fwp%2Fv2%2Ftags&post=14597"}],"curies":[{"name":"wp","href":"https:\/\/api.w.org\/{rel}","templated":true}]}}