{"id":14611,"date":"2017-04-02T22:38:51","date_gmt":"2017-04-02T22:38:51","guid":{"rendered":"http:\/\/www.ecuadoraldia.com.ec\/?p=14611"},"modified":"2017-04-02T22:40:40","modified_gmt":"2017-04-02T22:40:40","slug":"la-vida-de-guillermo","status":"publish","type":"post","link":"https:\/\/www.ecuadoraldia.com.ec\/?p=14611","title":{"rendered":"La vida de Guillermo"},"content":{"rendered":"<p style=\"text-align: justify;\"><a href=\"http:\/\/www.ecuadoraldia.com.ec\/wp-content\/uploads\/2017\/04\/10873542_970230.jpg\" rel=\"attachment wp-att-14612\"><img loading=\"lazy\" decoding=\"async\" class=\"alignleft size-medium wp-image-14612\" src=\"http:\/\/www.ecuadoraldia.com.ec\/wp-content\/uploads\/2017\/04\/10873542_970230-300x214.jpg\" alt=\"10873542_970230\" width=\"300\" height=\"214\" srcset=\"https:\/\/www.ecuadoraldia.com.ec\/wp-content\/uploads\/2017\/04\/10873542_970230-300x214.jpg 300w, https:\/\/www.ecuadoraldia.com.ec\/wp-content\/uploads\/2017\/04\/10873542_970230.jpg 494w\" sizes=\"(max-width: 300px) 100vw, 300px\" \/><\/a>Guillermo naci\u00f3 el 16 de noviembre de 1955. Es el menor de 11 hermanos.A sus 15 a\u00f1os tuvo su primer trabajo para pagar sus estudios en el Colegio San Jos\u00e9 La Salle. En 1974 logr\u00f3 incorporarse como bachiller de la Rep\u00fablica.<\/p>\n<p style=\"text-align: justify;\">En 1977 conoci\u00f3 a Mar\u00eda de Lourdes Alc\u00edvar Crespo y en 1981 contrajeron matrimonio. Actualmente tienen 5 hijos.Matrimonio de Guillermo y Mar\u00eda de Lourdes.Como Presidente de la Fundaci\u00f3n Terminal Terrestre de Guayaquil lider\u00f3 la reconstrucci\u00f3n de la terminal de esta ciudad, considerada la m\u00e1s moderna de Latinoam\u00e9rica. Es el fundador del \u201cBanco del Barrio\u201d, reconocido por el Banco Interamericano de Desarrollo (BID) como el mayor proyecto de bancarizaci\u00f3n de Latinoam\u00e9rica del 2010.En mayo del 2012, luego de 42 a\u00f1os de trabajo, renunci\u00f3 a la presidencia ejecutiva del Banco de Guayaquil para emprender el reto de participar en la pol\u00edtica ecuatoriana.<\/p>\n<p style=\"text-align: justify;\">Guillermo ha recorrido todo el Ecuador conversando con la familia ecuatoriana y proponiendo un Ecuador de Oportunidades para los 16 millones de ecuatorianos.Guillermo Lasso trabajar\u00e1 por ese otro Ecuador que s\u00ed es posible en libertad, en democracia y con mayores oportunidades para la familia ecuatoriana.<br \/>\nGuillermo Lasso es el menor de 11 hermanos, ha forjado su camino desde temprana edad, demostrando siempre perseverancia, honestidad y dedicaci\u00f3n en cada emprendimiento que realiza.<\/p>\n<p style=\"text-align: justify;\">Su primer empleo en Ecuador lo obtuvo a los 15 a\u00f1os de edad. Fue un empleo de medio tiempo en la Bolsa de Valores de Guayaquil, que le permiti\u00f3 pagar sus \u00faltimos a\u00f1os de estudio en el colegio San Jos\u00e9 La Salle y contribuir a la econom\u00eda de su hogar.<\/p>\n<p style=\"text-align: justify;\">En 1974 logr\u00f3 incorporarse como bachiller de la Rep\u00fablica. En 1977 conoci\u00f3 a Mar\u00eda de Lourdes Alc\u00edvar Crespo y en 1981 contrajeron matrimonio con quien tiene actualmente 5 hijos.<\/p>\n<p style=\"text-align: justify;\">Estudi\u00f3 tres semestres en la Facultad de Econom\u00eda de la Universidad Cat\u00f3lica de Quito. Realiz\u00f3 un diplomado en Administraci\u00f3n de Empresas en el Instituto de Desarrollo Empresarial (IDE) y en el 2011 la Universidad de las Am\u00e9ricas le concedi\u00f3 el t\u00edtulo de Doctor Honoris Causa.<\/p>\n<p style=\"text-align: justify;\">Como empresario, en 1984, cuando ten\u00eda 29 a\u00f1os, fue nombrado Presidente ejecutivo de Finansur. Tras la fusi\u00f3n de Finansur con el Banco de Guayaquil, en 1989, ocup\u00f3 la Vicepresidencia Ejecutiva y la Gerencia General del Banco. En 1994 fue designado Presidente Ejecutivo de la instituci\u00f3n. En este cargo se desempe\u00f1\u00f3 con gran \u00e9xito convirtiendo al Banco de Guayaquil en el segundo mayor banco del Ecuador.<\/p>\n<p style=\"text-align: justify;\">Es el fundador del \u201cBanco del Barrio\u201d, reconocido por el Banco Interamericano de Desarrollo (BID) como el mayor proyecto de bancarizaci\u00f3n de Latinoam\u00e9rica del 2010. Como Presidente de la Fundaci\u00f3n Terminal Terrestre de Guayaquil lider\u00f3 la reconstrucci\u00f3n de la terminal de esta ciudad, considerada la m\u00e1s moderna de Latinoam\u00e9rica.<\/p>\n<p style=\"text-align: justify;\">Es presidente de la Fundaci\u00f3n Ecuador Libre, un \u201cthink tank\u201d que busca formular pol\u00edticas p\u00fablicas basadas en principios de libertad y solidaridad social.<\/p>\n<p style=\"text-align: justify;\">En mayo del 2012, luego de 42 a\u00f1os de trabajo exitoso en el sector bancario, renunci\u00f3 a la presidencia ejecutiva del Banco de Guayaquil para emprender el reto de participar en sus primeras elecciones presidenciales. El 13 de agosto del 2012 Guillermo se afilia a CREO, para participar 17 de febrero del 2013, donde obtuvo 1\u2019951.102 votos, el equivalente al 22.7% de los electores.<\/p>\n<p style=\"text-align: justify;\">En el 2015, Lasso lider\u00f3 el colectivo \u00abCompromiso Ecuador\u00bb, el cual reuni\u00f3 a distintos movimientos y actores pol\u00edticos que se unieron para promover una Consulta Popular para que el pueblo ecuatoriano decida sobre la enmiendas que luego fueron aprobadas por la Asamblea Nacional.<\/p>\n<p style=\"text-align: justify;\">El compromiso de Guillermo para con la familia ecuatoriana est\u00e1 intacto y m\u00e1s fuerte que nunca. Su propuesta est\u00e1 enfocada en reducir la pobreza, generaci\u00f3n de empleo en Ecuador a trav\u00e9s del apoyo al emprendimiento, luchar contra la inseguridad, estimular a la inversi\u00f3n nacional y extranjera, seguridad jur\u00eddica, lograr una justicia independiente del poder y velar por la libertad de expresi\u00f3n.<\/p>\n<p style=\"text-align: justify;\">Guillermo Lasso trabajar\u00e1 por ese otro Ecuador que s\u00ed es posible en libertad, en democracia y con mayores oportunidades para la familia ecuatoriana.<\/p>\n<p><iframe loading=\"lazy\" width=\"800\" height=\"600\" src=\"https:\/\/www.youtube.com\/embed\/4kz39d1VabM?feature=oembed\" frameborder=\"0\" allowfullscreen><\/iframe><\/p>\n","protected":false},"excerpt":{"rendered":"<p>Guillermo naci\u00f3 el 16 de noviembre de 1955. Es el menor de 11 hermanos.A sus 15 a\u00f1os tuvo su primer<\/p>\n","protected":false},"author":1,"featured_media":14612,"comment_status":"open","ping_status":"open","sticky":false,"template":"","format":"standard","meta":{"footnotes":""},"categories":[3],"tags":[],"_links":{"self":[{"href":"https:\/\/www.ecuadoraldia.com.ec\/index.php?rest_route=\/wp\/v2\/posts\/14611"}],"collection":[{"href":"https:\/\/www.ecuadoraldia.com.ec\/index.php?rest_route=\/wp\/v2\/posts"}],"about":[{"href":"https:\/\/www.ecuadoraldia.com.ec\/index.php?rest_route=\/wp\/v2\/types\/post"}],"author":[{"embeddable":true,"href":"https:\/\/www.ecuadoraldia.com.ec\/index.php?rest_route=\/wp\/v2\/users\/1"}],"replies":[{"embeddable":true,"href":"https:\/\/www.ecuadoraldia.com.ec\/index.php?rest_route=%2Fwp%2Fv2%2Fcomments&post=14611"}],"version-history":[{"count":3,"href":"https:\/\/www.ecuadoraldia.com.ec\/index.php?rest_route=\/wp\/v2\/posts\/14611\/revisions"}],"predecessor-version":[{"id":14616,"href":"https:\/\/www.ecuadoraldia.com.ec\/index.php?rest_route=\/wp\/v2\/posts\/14611\/revisions\/14616"}],"wp:featuredmedia":[{"embeddable":true,"href":"https:\/\/www.ecuadoraldia.com.ec\/index.php?rest_route=\/wp\/v2\/media\/14612"}],"wp:attachment":[{"href":"https:\/\/www.ecuadoraldia.com.ec\/index.php?rest_route=%2Fwp%2Fv2%2Fmedia&parent=14611"}],"wp:term":[{"taxonomy":"category","embeddable":true,"href":"https:\/\/www.ecuadoraldia.com.ec\/index.php?rest_route=%2Fwp%2Fv2%2Fcategories&post=14611"},{"taxonomy":"post_tag","embeddable":true,"href":"https:\/\/www.ecuadoraldia.com.ec\/index.php?rest_route=%2Fwp%2Fv2%2Ftags&post=14611"}],"curies":[{"name":"wp","href":"https:\/\/api.w.org\/{rel}","templated":true}]}}