{"id":14625,"date":"2017-04-05T18:12:13","date_gmt":"2017-04-05T18:12:13","guid":{"rendered":"http:\/\/www.ecuadoraldia.com.ec\/?p=14625"},"modified":"2017-04-05T18:12:13","modified_gmt":"2017-04-05T18:12:13","slug":"moreno-mantendra-reuniones-con-diversos-sectores-de-la-sociedad","status":"publish","type":"post","link":"https:\/\/www.ecuadoraldia.com.ec\/?p=14625","title":{"rendered":"Moreno mantendr\u00e1 reuniones con diversos sectores de la sociedad"},"content":{"rendered":"<p style=\"text-align: justify;\"><a href=\"http:\/\/www.ecuadoraldia.com.ec\/wp-content\/uploads\/2017\/04\/mafer.jpeg\" rel=\"attachment wp-att-14626\"><img loading=\"lazy\" decoding=\"async\" class=\"alignleft size-medium wp-image-14626\" src=\"http:\/\/www.ecuadoraldia.com.ec\/wp-content\/uploads\/2017\/04\/mafer-300x300.jpeg\" alt=\"mafer\" width=\"300\" height=\"300\" srcset=\"https:\/\/www.ecuadoraldia.com.ec\/wp-content\/uploads\/2017\/04\/mafer-300x300.jpeg 300w, https:\/\/www.ecuadoraldia.com.ec\/wp-content\/uploads\/2017\/04\/mafer-150x150.jpeg 150w, https:\/\/www.ecuadoraldia.com.ec\/wp-content\/uploads\/2017\/04\/mafer.jpeg 400w\" sizes=\"(max-width: 300px) 100vw, 300px\" \/><\/a>En los pr\u00f3ximos d\u00edas, Moreno tiene planificadas algunas reuniones de trabajo con sectores de la construcci\u00f3n, empresariales y organizaciones sociales, dijo Mar\u00eda Fernanda Espinosa, miembro del bur\u00f3 de campa\u00f1a del mandatario electo.<\/p>\n<p style=\"text-align: justify;\">Tambi\u00e9n tiene previsto viajar a varios sectores del pa\u00eds en agradecimiento por la votaci\u00f3n alcanzada, pero tambi\u00e9n a otros lugares donde Alianza PAIS no gan\u00f3.<\/p>\n<p style=\"text-align: justify;\">En entrevista con ANDES, Espinosa manifest\u00f3 que es muy importante volver a escuchar, entender y analizar las razones por las que se registr\u00f3 la votaci\u00f3n que obtuvieron.<\/p>\n<p style=\"text-align: justify;\">Respecto a la transici\u00f3n, dijo que los equipos del gobierno entrante y en funciones ya han empezado a trabajar con la direcci\u00f3n del exenviado de la ONU para las Personas con Discapacidad.<\/p>\n<p style=\"text-align: justify;\">El presidente electo ha venido trabajando y tiene ya organizado su futuro gabinete, pero ser\u00e1 \u00e9l quien anuncie los nombres.<\/p>\n<p style=\"text-align: justify;\">Espinosa dijo que en el proceso de transici\u00f3n existe una pir\u00e1mide, una estructura bien armada.<\/p>\n<p style=\"text-align: justify;\">Len\u00edn Moreno tiene su primera semana de gobierno perfectamente planificada en la que constan sus primeras cinco acciones. Tambi\u00e9n tiene definido c\u00f3mo organizar\u00e1 su primera semana de gobierno y las grandes decisiones que tomar\u00e1, inform\u00f3.<\/p>\n<p style=\"text-align: justify;\">\u201cCreo que los ecuatorianos deben tener una gran tranquilidad porque tenemos un pa\u00eds marchando, tenemos muchos proyectos, muchos sue\u00f1os todav\u00eda que cumplir para todos y sobre todo con todos los ecuatorianos\u201d, mencion\u00f3 Espinosa.<\/p>\n<p style=\"text-align: justify;\">\u201cSer\u00e1 un momento de gran participaci\u00f3n, de gran di\u00e1logo, en torno a los grandes intereses nacionales, las prioridades que ha establecido Len\u00edn Moreno para el Ecuador y escuchando a los ciudadanos\u201d, expuso.<\/p>\n<p style=\"text-align: justify;\">Destac\u00f3 el sistema impecable de planificaci\u00f3n, de gesti\u00f3n, de medici\u00f3n de impactos y estad\u00edstico que tiene actualmente Ecuador y que sirve de ejemplo para otros pa\u00edses.<\/p>\n<p style=\"text-align: justify;\">El equipo de transici\u00f3n, liderado por la Secretaria de Planificaci\u00f3n, Sandra Naranjo, y el del mandatario electo est\u00e1n trabajando en varios frentes para ir preparando el cambio de gobierno y adem\u00e1s para aterrizar las propuestas de gobierno con los grandes desaf\u00edos futuros que tiene el Ecuador, se\u00f1al\u00f3.<\/p>\n<p style=\"text-align: justify;\">Los temas que se tienen en cuenta son c\u00f3mo implementar el plan \u201cToda una Vida\u201d (el plan central de Moreno), c\u00f3mo se va implementar la Minga Nacional Agropecuaria y el trabajo con los j\u00f3venes, que fue otro de los compromisos en campa\u00f1a.<\/p>\n<p style=\"text-align: justify;\">\u201cEn todo eso ya estamos trabajando y es una transici\u00f3n muy simple. Es decir el Gobierno Nacional tiene todo en orden, todo sistematizado, y eso realmente facilita (la transici\u00f3n). Se ha visto en cifras e indicadores un repunte econ\u00f3mico importante que permite tener optimismo\u201d, destac\u00f3. (Andes)<\/p>\n<p><iframe loading=\"lazy\" width=\"800\" height=\"600\" src=\"https:\/\/www.youtube.com\/embed\/4RrrMdcTHwo?feature=oembed\" frameborder=\"0\" allowfullscreen><\/iframe><\/p>\n","protected":false},"excerpt":{"rendered":"<p>En los pr\u00f3ximos d\u00edas, Moreno tiene planificadas algunas reuniones de trabajo con sectores de la construcci\u00f3n, empresariales y organizaciones sociales,<\/p>\n","protected":false},"author":1,"featured_media":14626,"comment_status":"open","ping_status":"open","sticky":false,"template":"","format":"standard","meta":{"footnotes":""},"categories":[3],"tags":[],"_links":{"self":[{"href":"https:\/\/www.ecuadoraldia.com.ec\/index.php?rest_route=\/wp\/v2\/posts\/14625"}],"collection":[{"href":"https:\/\/www.ecuadoraldia.com.ec\/index.php?rest_route=\/wp\/v2\/posts"}],"about":[{"href":"https:\/\/www.ecuadoraldia.com.ec\/index.php?rest_route=\/wp\/v2\/types\/post"}],"author":[{"embeddable":true,"href":"https:\/\/www.ecuadoraldia.com.ec\/index.php?rest_route=\/wp\/v2\/users\/1"}],"replies":[{"embeddable":true,"href":"https:\/\/www.ecuadoraldia.com.ec\/index.php?rest_route=%2Fwp%2Fv2%2Fcomments&post=14625"}],"version-history":[{"count":1,"href":"https:\/\/www.ecuadoraldia.com.ec\/index.php?rest_route=\/wp\/v2\/posts\/14625\/revisions"}],"predecessor-version":[{"id":14627,"href":"https:\/\/www.ecuadoraldia.com.ec\/index.php?rest_route=\/wp\/v2\/posts\/14625\/revisions\/14627"}],"wp:featuredmedia":[{"embeddable":true,"href":"https:\/\/www.ecuadoraldia.com.ec\/index.php?rest_route=\/wp\/v2\/media\/14626"}],"wp:attachment":[{"href":"https:\/\/www.ecuadoraldia.com.ec\/index.php?rest_route=%2Fwp%2Fv2%2Fmedia&parent=14625"}],"wp:term":[{"taxonomy":"category","embeddable":true,"href":"https:\/\/www.ecuadoraldia.com.ec\/index.php?rest_route=%2Fwp%2Fv2%2Fcategories&post=14625"},{"taxonomy":"post_tag","embeddable":true,"href":"https:\/\/www.ecuadoraldia.com.ec\/index.php?rest_route=%2Fwp%2Fv2%2Ftags&post=14625"}],"curies":[{"name":"wp","href":"https:\/\/api.w.org\/{rel}","templated":true}]}}