{"id":14628,"date":"2017-04-05T20:59:35","date_gmt":"2017-04-05T20:59:35","guid":{"rendered":"http:\/\/www.ecuadoraldia.com.ec\/?p=14628"},"modified":"2017-04-05T21:04:02","modified_gmt":"2017-04-05T21:04:02","slug":"biografia-de-lenin-moreno","status":"publish","type":"post","link":"https:\/\/www.ecuadoraldia.com.ec\/?p=14628","title":{"rendered":"Biograf\u00eda de Len\u00edn Moreno\u00a0presidente de Ecuador 2017 -2021"},"content":{"rendered":"<p style=\"text-align: justify;\"><a href=\"http:\/\/www.ecuadoraldia.com.ec\/wp-content\/uploads\/2017\/04\/lenin-moreno2.png\" rel=\"attachment wp-att-14629\"><img loading=\"lazy\" decoding=\"async\" class=\"alignleft size-medium wp-image-14629\" src=\"http:\/\/www.ecuadoraldia.com.ec\/wp-content\/uploads\/2017\/04\/lenin-moreno2-300x216.png\" alt=\"lenin-moreno2\" width=\"300\" height=\"216\" srcset=\"https:\/\/www.ecuadoraldia.com.ec\/wp-content\/uploads\/2017\/04\/lenin-moreno2-300x216.png 300w, https:\/\/www.ecuadoraldia.com.ec\/wp-content\/uploads\/2017\/04\/lenin-moreno2.png 623w\" sizes=\"(max-width: 300px) 100vw, 300px\" \/><\/a>Len\u00edn Voltaire Moreno Garc\u00e9s naci\u00f3 el 19 de marzo de 1953, en el seno de una familia de clase media radicada en Nuevo Rocafuerte, provincia de Orellana. Es hijo de Lilian Garc\u00e9s y el profesor Servio Moreno.<\/p>\n<p style=\"text-align: justify;\">Voltaire como le dec\u00edan sus familiares y amigos, se mud\u00f3 a Quito cuando ten\u00eda 3 a\u00f1os. Sus estudios primarios los curs\u00f3 en la escuela fiscal Eloy Alfaro, era bromista y juguet\u00f3n. Sus estudios secundarios los realiz\u00f3 en el Instituto Nacional Mej\u00eda, entidad donde permaneci\u00f3 hasta el quinto curso.<\/p>\n<p style=\"text-align: justify;\">En 1971 se gradu\u00f3 en el Colegio Benalcazar. Sus amigos lo recuerdan como un adolescente jovial, preocupado por la seguridad y el buen trato a la gente. Gustaba pasar el tiempo con sus amigos y practicar deporte como el f\u00fatbol, b\u00e1squetbol, tenis y nataci\u00f3n.<\/p>\n<p style=\"text-align: justify;\">Moreno, hincha apasionado del Aucas pudo ser m\u00e9dico, estudi\u00f3 los 4 primeros a\u00f1os de medicina en la Universidad Central del Ecuador, pero termin\u00f3 d\u00e1ndose cuenta que no ten\u00eda vocaci\u00f3n de m\u00e9dico. Posteriormente estudi\u00f3 psicolog\u00eda en la misma universidad pero \u00fanicamente curs\u00f3 hasta tercer a\u00f1o. Se decidi\u00f3 entonces por la administraci\u00f3n p\u00fablica. Obtuvo el t\u00edtulo de licenciado en administraci\u00f3n p\u00fablica gradu\u00e1ndose como el mejor egresado de la facultad.<\/p>\n<p style=\"text-align: justify;\">A Roc\u00edo Gonz\u00e1les, amor de su vida, la conoci\u00f3 en una fiesta, luego de un noviazgo de m\u00e1s de un a\u00f1o terminaron contrayendo matrimonio. Roc\u00edo ha sido su compa\u00f1era y pilar en los momentos m\u00e1s duros. \u201cUna mujer leal\u201d como \u00e9l destaca. Esta pareja a procreado tres hijas Irina, Cristina y Carina, quienes califican a Len\u00edn como un padre modelo y un esposo ejemplar. Moreno tiene un caracter alegre, risue\u00f1o, so\u00f1ador y extrem\u00e1damente puntual. Es seguidor del canto de Joan Manuel Serrat.<\/p>\n<p style=\"text-align: justify;\">En enero de 1998, la vida de Len\u00edn cambi\u00f3 radicalmente. Tras un asalto con un disparo a quemarropa, perdi\u00f3 la movilidad de sus piernas. Despu\u00e9s de una larga y dolorosa recuperaci\u00f3n decidi\u00f3 \u201cvolver a vivir\u201d y se transform\u00f3 en un motivador profesional a trav\u00e9s de conferencias que llevan un mensaje de alegr\u00eda, solidaridad y amor.<\/p>\n<p style=\"text-align: justify;\">Mantuvo una f\u00e9rrea lucha por vivir, lo que le llevo a estudiar profundamente el humor y a los humoristas, eso le inspir\u00f3 a escribir 10 libros, llenos de historias y motivaci\u00f3n para la vida y el trabajo; entre ellos: \u201cFilosof\u00eda para la vida y el trabajo\u201d, \u201cTeor\u00eda y Pr\u00e1ctica del Humor\u201d, \u201cSer Feliz es F\u00e1cil y Divertido\u201d, \u201cLos Mejores Chistes del Mundo\u201d, \u201cHumor de los Famosos\u201d, \u201cTrompabulario\u201d, \u201cR\u00edase, no sea enfermo\u201d y \u201cCuentos no Ecol\u00f3gicos\u201d..<\/p>\n<p style=\"text-align: justify;\">Su inter\u00e9s por ayudar a personas con capacidades especiales lo llev\u00f3 a vincularse al mundo de la pol\u00edtica convirti\u00e9ndose en el binomio de Rafael Correa. El talento y carisma de ambos les permiti\u00f3 ganar las elecciones del 2006.<\/p>\n<p style=\"text-align: justify;\">Por su enorme solidaridad y comprometida reivindicaci\u00f3n de los derechos de las personas con discapacidad ha recibido varios reconocimientos: Honoris Causa de la Universidad de las Am\u00e9ricas, Universidad T\u00e9cnica del Norte del Ecuador y de la Universidad San Mart\u00edn de Colombia, Maestr\u00eda Honoris Causa, por parte de Business School de Espa\u00f1a.<\/p>\n<p style=\"text-align: justify;\">As\u00ed como las condecoraciones \u201cFray Jodoco Ricke\u201d, por parte de la iglesia ecuatoriana, la Orden del Sol, en el grado de Gran Cruz, Orden Antonio Jos\u00e9 Irisarri y la Orden M\u00e9rito a la Democracia, entregados por los gobiernos de Per\u00fa, Guatemala y Colombia, respectivamente.<\/p>\n<p style=\"text-align: justify;\">Publicaciones:<br \/>\nFilosof\u00eda para la Vida y el Trabajo<br \/>\nTeor\u00eda y Pr\u00e1ctica del Humor<br \/>\nSer Feliz es F\u00e1cil y Divertido<br \/>\nLos Mejores Chistes del Mundo<br \/>\nHumor de los Famosos<br \/>\nTrompabulario<br \/>\nR\u00edase no sea enfermo<br \/>\nCuentos no Ecol\u00f3gicos<br \/>\nFrases:<br \/>\n\u201cPara amar a los dem\u00e1s, primero debo amarme a m\u00ed mismo. Un ser satisfecho consigo mismo, es una persona orgullosa de su pasado, satisfecha con el presente y con mucha fe en el futuro\u201d<br \/>\n\u201cCon el humor podemos lograr una cultura de tolerancia, di\u00e1logo y acuerdos m\u00ednimos que todo el mundo pregona, pero nadie o casi nadie cumple\u201d<br \/>\n\u201cLos \u00e1ngeles pueden volar porque no se toman muy en serio, mientras a nosotros nos vuelve pesados el pensar que somos importantes\u201d<br \/>\n\u201cLa discapacidad no es incapacidad\u201d. \u201cLa sonrisa de un reci\u00e9n nacido es el primer gesto de solidaridad de un ser humano\u201d<br \/>\nObras:<\/p>\n<p style=\"text-align: justify;\">Como vicepresidente de Ecuador en el periodo 2007-2013, Len\u00edn Moreno impuls\u00f3 la atenci\u00f3n a personas con discapacidad mediante los programas Manuela Espejo, Joaqu\u00edn Gallegos Lara, Ecuador sin Barreras y Sonr\u00ede somos gente amable.<\/p>\n<p style=\"text-align: justify;\">Experiencia profesional:<br \/>\nEnviado Especial del Secretario General de Naciones Unidas sobre Discapacidad y Accesibilidad<br \/>\n46\u00b0 Vicepresidente Constitucional de la Rep\u00fablica del Ecuador 2007 \u2013 2013<br \/>\nVicepresidente de Alianza PAIS 2010 hasta la actualidad<br \/>\nDirector Nacional de Discapacidades 1997 \u2013 1999<br \/>\nDirector Ejecutivo de la Federaci\u00f3n Nacional de C\u00e1maras de Turismo 1997 \u2013 1999<br \/>\nDirector Ejecutivo de la C\u00e1mara de Turismo de Pichincha 1996 \u2013 1997<br \/>\nDirector Administrativo Ministerio de Gobierno 1986 \u2013 1992<br \/>\nDirector OMC Publigerencia Andina 1985 \u2013 1986<br \/>\nGerente comercializaci\u00f3n Zitro 1982 \u2013 1984<br \/>\nGerente de venta Satho 1976 \u2013 1978<br \/>\nDirector Centro de Formaci\u00f3n Profesional Continental (Tomado de http:\/\/www.forosecuador.ec)<\/p>\n<p><iframe loading=\"lazy\" width=\"800\" height=\"600\" src=\"https:\/\/www.youtube.com\/embed\/S9Rx1jLf_O8?feature=oembed\" frameborder=\"0\" allowfullscreen><\/iframe><\/p>\n","protected":false},"excerpt":{"rendered":"<p>Len\u00edn Voltaire Moreno Garc\u00e9s naci\u00f3 el 19 de marzo de 1953, en el seno de una familia de clase media<\/p>\n","protected":false},"author":1,"featured_media":14629,"comment_status":"open","ping_status":"open","sticky":false,"template":"","format":"standard","meta":{"footnotes":""},"categories":[8],"tags":[],"_links":{"self":[{"href":"https:\/\/www.ecuadoraldia.com.ec\/index.php?rest_route=\/wp\/v2\/posts\/14628"}],"collection":[{"href":"https:\/\/www.ecuadoraldia.com.ec\/index.php?rest_route=\/wp\/v2\/posts"}],"about":[{"href":"https:\/\/www.ecuadoraldia.com.ec\/index.php?rest_route=\/wp\/v2\/types\/post"}],"author":[{"embeddable":true,"href":"https:\/\/www.ecuadoraldia.com.ec\/index.php?rest_route=\/wp\/v2\/users\/1"}],"replies":[{"embeddable":true,"href":"https:\/\/www.ecuadoraldia.com.ec\/index.php?rest_route=%2Fwp%2Fv2%2Fcomments&post=14628"}],"version-history":[{"count":5,"href":"https:\/\/www.ecuadoraldia.com.ec\/index.php?rest_route=\/wp\/v2\/posts\/14628\/revisions"}],"predecessor-version":[{"id":14634,"href":"https:\/\/www.ecuadoraldia.com.ec\/index.php?rest_route=\/wp\/v2\/posts\/14628\/revisions\/14634"}],"wp:featuredmedia":[{"embeddable":true,"href":"https:\/\/www.ecuadoraldia.com.ec\/index.php?rest_route=\/wp\/v2\/media\/14629"}],"wp:attachment":[{"href":"https:\/\/www.ecuadoraldia.com.ec\/index.php?rest_route=%2Fwp%2Fv2%2Fmedia&parent=14628"}],"wp:term":[{"taxonomy":"category","embeddable":true,"href":"https:\/\/www.ecuadoraldia.com.ec\/index.php?rest_route=%2Fwp%2Fv2%2Fcategories&post=14628"},{"taxonomy":"post_tag","embeddable":true,"href":"https:\/\/www.ecuadoraldia.com.ec\/index.php?rest_route=%2Fwp%2Fv2%2Ftags&post=14628"}],"curies":[{"name":"wp","href":"https:\/\/api.w.org\/{rel}","templated":true}]}}