{"id":14635,"date":"2017-04-06T17:25:09","date_gmt":"2017-04-06T17:25:09","guid":{"rendered":"http:\/\/www.ecuadoraldia.com.ec\/?p=14635"},"modified":"2017-04-06T17:25:09","modified_gmt":"2017-04-06T17:25:09","slug":"ant-presento-nuevas-observaciones-a-las-reformas-de-la-ley-de-transito","status":"publish","type":"post","link":"https:\/\/www.ecuadoraldia.com.ec\/?p=14635","title":{"rendered":"ANT Present\u00f3 nuevas observaciones a las reformas de la Ley de Tr\u00e1nsito"},"content":{"rendered":"<figure id=\"attachment_14636\" aria-describedby=\"caption-attachment-14636\" style=\"width: 300px\" class=\"wp-caption alignleft\"><a href=\"http:\/\/www.ecuadoraldia.com.ec\/wp-content\/uploads\/2017\/04\/antcd.jpg\" rel=\"attachment wp-att-14636\"><img loading=\"lazy\" decoding=\"async\" class=\"size-medium wp-image-14636\" src=\"http:\/\/www.ecuadoraldia.com.ec\/wp-content\/uploads\/2017\/04\/antcd-300x200.jpg\" alt=\"Saledad Buend\u00eda Preside la Comisi\u00f3n de Desarrollo\" width=\"300\" height=\"200\" srcset=\"https:\/\/www.ecuadoraldia.com.ec\/wp-content\/uploads\/2017\/04\/antcd-300x200.jpg 300w, https:\/\/www.ecuadoraldia.com.ec\/wp-content\/uploads\/2017\/04\/antcd-768x513.jpg 768w, https:\/\/www.ecuadoraldia.com.ec\/wp-content\/uploads\/2017\/04\/antcd.jpg 800w\" sizes=\"(max-width: 300px) 100vw, 300px\" \/><\/a><figcaption id=\"caption-attachment-14636\" class=\"wp-caption-text\">Saledad Buend\u00eda Preside la Comisi\u00f3n de Desarrollo<\/figcaption><\/figure>\n<p style=\"text-align: justify;\">Mi\u00e9rcoles, 05 de abril del 2017. La Comisi\u00f3n de Desarrollo Econ\u00f3mico recibi\u00f3 m\u00e1s aportes al Proyecto de Reformas a la Ley de Transporte Terrestre Tr\u00e1nsito y Seguridad Vial. Esta vez escuch\u00f3 los criterios de Pablo Sevilla, director de Transferencia de Competencias de la Agencia Nacional de Tr\u00e1nsito, quien se refiri\u00f3 a dos temas espec\u00edficos: la recuperaci\u00f3n de puntos en la licencia de conducir y una nueva modalidad de transporte.<\/p>\n<p style=\"text-align: justify;\">El funcionario se mostr\u00f3 en contra de modificar el sistema previsto en la ley para recuperar puntos en la licencia de conducir. Argument\u00f3 que est\u00e1 muy bien posesionado. \u00abLas personas saben que si se pasan un rojo y aceleran tienen baja de puntos o que si est\u00e1 en un paso cebra debe pagar una multa y reducci\u00f3n de puntos\u00bb, asegur\u00f3.<\/p>\n<p style=\"text-align: justify;\">En torno al segundo punto, expres\u00f3 que a nivel nacional ya existen clases y modalidades de transporte, como el privado, p\u00fablico y por cuenta propia y modalidades que va estableciendo la ley, por lo que se trata de evitar que se cree un tipo de transporte rural.<\/p>\n<p style=\"text-align: justify;\">Explic\u00f3 que estas modalidades aportan a quienes se dedican al tr\u00e1nsito a nivel nacional, como federaciones, cooperativas y compa\u00f1\u00edas, que est\u00e1n a gusto con esas modalidades, sin embargo, se esteblecieron excepciones, como por ejemplo, en el caso de \u00e1reas rurales, en donde las personas puede salir con sus camionetas hasta llegar a zonas donde haya transporte p\u00fablico.<\/p>\n<p style=\"text-align: justify;\">\u00abCrear una nueva modalidad de transporte no es pertinente ni viable, m\u00e1s bien estamos de acuerdo en realizar enfoques y trabajar sobre las modalidades claras, algunas transferidas a los Gobiernos Aut\u00f3nomos Descentralizados\u00bb, dijo.<\/p>\n<p style=\"text-align: justify;\">Hay que ser responsable en el tema, porque lo que est\u00e1 en juego es la vida de los ecuatorianos, afirm\u00f3 la legisladora Lorena Bravo.<br \/>\nReforma<\/p>\n<p style=\"text-align: justify;\">La Reforma establece que en el Art\u00edculo 58 de la Ley de Tr\u00e1nsito y Transporte Terrestre, se incorpore como modalidad de transporte, al rural y comunitario.(fuente AN)<\/p>\n","protected":false},"excerpt":{"rendered":"<p>Mi\u00e9rcoles, 05 de abril del 2017. La Comisi\u00f3n de Desarrollo Econ\u00f3mico recibi\u00f3 m\u00e1s aportes al Proyecto de Reformas a la<\/p>\n","protected":false},"author":1,"featured_media":14636,"comment_status":"open","ping_status":"open","sticky":false,"template":"","format":"standard","meta":{"footnotes":""},"categories":[3],"tags":[],"_links":{"self":[{"href":"https:\/\/www.ecuadoraldia.com.ec\/index.php?rest_route=\/wp\/v2\/posts\/14635"}],"collection":[{"href":"https:\/\/www.ecuadoraldia.com.ec\/index.php?rest_route=\/wp\/v2\/posts"}],"about":[{"href":"https:\/\/www.ecuadoraldia.com.ec\/index.php?rest_route=\/wp\/v2\/types\/post"}],"author":[{"embeddable":true,"href":"https:\/\/www.ecuadoraldia.com.ec\/index.php?rest_route=\/wp\/v2\/users\/1"}],"replies":[{"embeddable":true,"href":"https:\/\/www.ecuadoraldia.com.ec\/index.php?rest_route=%2Fwp%2Fv2%2Fcomments&post=14635"}],"version-history":[{"count":1,"href":"https:\/\/www.ecuadoraldia.com.ec\/index.php?rest_route=\/wp\/v2\/posts\/14635\/revisions"}],"predecessor-version":[{"id":14637,"href":"https:\/\/www.ecuadoraldia.com.ec\/index.php?rest_route=\/wp\/v2\/posts\/14635\/revisions\/14637"}],"wp:featuredmedia":[{"embeddable":true,"href":"https:\/\/www.ecuadoraldia.com.ec\/index.php?rest_route=\/wp\/v2\/media\/14636"}],"wp:attachment":[{"href":"https:\/\/www.ecuadoraldia.com.ec\/index.php?rest_route=%2Fwp%2Fv2%2Fmedia&parent=14635"}],"wp:term":[{"taxonomy":"category","embeddable":true,"href":"https:\/\/www.ecuadoraldia.com.ec\/index.php?rest_route=%2Fwp%2Fv2%2Fcategories&post=14635"},{"taxonomy":"post_tag","embeddable":true,"href":"https:\/\/www.ecuadoraldia.com.ec\/index.php?rest_route=%2Fwp%2Fv2%2Ftags&post=14635"}],"curies":[{"name":"wp","href":"https:\/\/api.w.org\/{rel}","templated":true}]}}