{"id":14646,"date":"2017-04-07T19:59:18","date_gmt":"2017-04-07T19:59:18","guid":{"rendered":"http:\/\/www.ecuadoraldia.com.ec\/?p=14646"},"modified":"2017-04-07T19:59:18","modified_gmt":"2017-04-07T19:59:18","slug":"correa-estan-desesperados-por-conseguir-algo","status":"publish","type":"post","link":"https:\/\/www.ecuadoraldia.com.ec\/?p=14646","title":{"rendered":"Correa: \u00abEst\u00e1n desesperados por conseguir algo\u00bb"},"content":{"rendered":"<p style=\"text-align: justify;\"><a href=\"http:\/\/www.ecuadoraldia.com.ec\/wp-content\/uploads\/2017\/04\/rafael-correa-indulto.jpg\" rel=\"attachment wp-att-14647\"><img loading=\"lazy\" decoding=\"async\" class=\"alignleft size-medium wp-image-14647\" src=\"http:\/\/www.ecuadoraldia.com.ec\/wp-content\/uploads\/2017\/04\/rafael-correa-indulto-300x173.jpg\" alt=\"rafael-correa-indulto\" width=\"300\" height=\"173\" srcset=\"https:\/\/www.ecuadoraldia.com.ec\/wp-content\/uploads\/2017\/04\/rafael-correa-indulto-300x173.jpg 300w, https:\/\/www.ecuadoraldia.com.ec\/wp-content\/uploads\/2017\/04\/rafael-correa-indulto.jpg 500w\" sizes=\"(max-width: 300px) 100vw, 300px\" \/><\/a>El Presidente de la Rep\u00fablica, Rafael Correa, tuvo una entrevista con medios de comunicaci\u00f3n en el Sindicato de Choferes de Mocache, en la Provincia de Los R\u00edos. Aqu\u00ed se refiri\u00f3 a varios temas tanto de su gobierno, como de la coyuntura pol\u00edtica actual.<\/p>\n<p style=\"text-align: justify;\">Expres\u00f3 que fueron las grandes mayor\u00edas las que dieron el triunfo, en las pasadas elecciones presidenciales, al Presidente electo Len\u00edn Moreno. Adem\u00e1s, indic\u00f3 que es imposible impugnar todas las actas como pidi\u00f3 el excandidato Guillermo Lasso. \u201c\u00c9l sabe que est\u00e1 pidiendo lo imposible. \u00bfQui\u00e9n pide lo imposible? Aquel que no quiere que se haga, es decir quiere dejar las cosas ah\u00ed tapaditas para no quedar como lo que es, un mal perdedor\u201d.<\/p>\n<p style=\"text-align: justify;\">Acerca de las manifestaciones por parte de simpatizantes del movimiento CREO dijo: \u201cTienen todo el derecho de manifestarse y hacer el rid\u00edculo. No tienen derecho a generar violencia, de atentar contra los derechos de los dem\u00e1s\u201d. Afirm\u00f3 que est\u00e1n llamando a la violencia, a los militares. \u201cSe proteger\u00e1 el bien com\u00fan y se actuar\u00e1 con firmeza, en estricto apego a la ley\u201d.<\/p>\n<p style=\"text-align: justify;\">Explic\u00f3 que la p\u00e1gina web del Consejo Nacional Electoral no tiene nada que ver con el Sistema de escrutinios de este organismo. \u201cUna cosa es la web donde se publican los resultados y otra el sistema nacional de escrutinios donde entran las actas y se contabilizan las actas. Hay est\u00e1n veedores internacionales\u201d.<\/p>\n<p style=\"text-align: justify;\">Por otro lado, acerca de las afectaciones que han tenido algunas provincias del pa\u00eds a causa del invierno, el primer mandatario dijo: \u201cLo que hemos pasado en los \u00faltimos dos a\u00f1os no lo ha pasado nadie en la historia del pa\u00eds. Hemos tenido dos inviernos extremadamente fuertes, activaci\u00f3n del Cotopaxi y sobre todo ese terrible terremoto del 16 de abril\u201d. Acot\u00f3 que esta situaci\u00f3n pudo ser peor \u201csi no hubi\u00e9ramos tenido los multiprop\u00f3sitos de control de inundaci\u00f3n. Siempre dijimos, no hay mejor ahorro que una buena inversi\u00f3n. El tiempo, m\u00e1s temprano que tarde, nos ha dado la raz\u00f3n\u201d.<\/p>\n<p style=\"text-align: justify;\">Sobre el tema de vialidad declar\u00f3 que firm\u00f3 el decreto para autorizar la alianza p\u00fablico-privada para la obra de la v\u00eda Santo Domingo-Juj\u00e1n: \u201cTenemos, por lo menos, tres interesados y se trata de una inversi\u00f3n de USD$2 mil millones. Esperamos que de 3 a 6 meses se adjudique el contrato y se empiece a construir la s\u00faper carretera\u201d<\/p>\n<p style=\"text-align: justify;\">Fuente: El Ciudadano<\/p>\n","protected":false},"excerpt":{"rendered":"<p>El Presidente de la Rep\u00fablica, Rafael Correa, tuvo una entrevista con medios de comunicaci\u00f3n en el Sindicato de Choferes de<\/p>\n","protected":false},"author":1,"featured_media":14647,"comment_status":"open","ping_status":"open","sticky":false,"template":"","format":"standard","meta":{"footnotes":""},"categories":[11],"tags":[],"_links":{"self":[{"href":"https:\/\/www.ecuadoraldia.com.ec\/index.php?rest_route=\/wp\/v2\/posts\/14646"}],"collection":[{"href":"https:\/\/www.ecuadoraldia.com.ec\/index.php?rest_route=\/wp\/v2\/posts"}],"about":[{"href":"https:\/\/www.ecuadoraldia.com.ec\/index.php?rest_route=\/wp\/v2\/types\/post"}],"author":[{"embeddable":true,"href":"https:\/\/www.ecuadoraldia.com.ec\/index.php?rest_route=\/wp\/v2\/users\/1"}],"replies":[{"embeddable":true,"href":"https:\/\/www.ecuadoraldia.com.ec\/index.php?rest_route=%2Fwp%2Fv2%2Fcomments&post=14646"}],"version-history":[{"count":1,"href":"https:\/\/www.ecuadoraldia.com.ec\/index.php?rest_route=\/wp\/v2\/posts\/14646\/revisions"}],"predecessor-version":[{"id":14648,"href":"https:\/\/www.ecuadoraldia.com.ec\/index.php?rest_route=\/wp\/v2\/posts\/14646\/revisions\/14648"}],"wp:featuredmedia":[{"embeddable":true,"href":"https:\/\/www.ecuadoraldia.com.ec\/index.php?rest_route=\/wp\/v2\/media\/14647"}],"wp:attachment":[{"href":"https:\/\/www.ecuadoraldia.com.ec\/index.php?rest_route=%2Fwp%2Fv2%2Fmedia&parent=14646"}],"wp:term":[{"taxonomy":"category","embeddable":true,"href":"https:\/\/www.ecuadoraldia.com.ec\/index.php?rest_route=%2Fwp%2Fv2%2Fcategories&post=14646"},{"taxonomy":"post_tag","embeddable":true,"href":"https:\/\/www.ecuadoraldia.com.ec\/index.php?rest_route=%2Fwp%2Fv2%2Ftags&post=14646"}],"curies":[{"name":"wp","href":"https:\/\/api.w.org\/{rel}","templated":true}]}}