{"id":14703,"date":"2017-04-13T13:28:35","date_gmt":"2017-04-13T13:28:35","guid":{"rendered":"http:\/\/www.ecuadoraldia.com.ec\/?p=14703"},"modified":"2017-04-13T13:46:00","modified_gmt":"2017-04-13T13:46:00","slug":"arcotel-firmo-titulos-habilitantes-de-frecuencias-para-radio-y-television","status":"publish","type":"post","link":"https:\/\/www.ecuadoraldia.com.ec\/?p=14703","title":{"rendered":"Arcotel firm\u00f3 t\u00edtulos habilitantes de frecuencias para radio y televisi\u00f3n"},"content":{"rendered":"<p style=\"text-align: justify;\"><a href=\"http:\/\/www.ecuadoraldia.com.ec\/wp-content\/uploads\/2017\/04\/ANA-PROANO-ARCOTEL.jpg\" rel=\"attachment wp-att-14704\"><img loading=\"lazy\" decoding=\"async\" class=\"alignleft size-medium wp-image-14704\" src=\"http:\/\/www.ecuadoraldia.com.ec\/wp-content\/uploads\/2017\/04\/ANA-PROANO-ARCOTEL-300x196.jpg\" alt=\"ANA-PROANO-ARCOTEL\" width=\"300\" height=\"196\" srcset=\"https:\/\/www.ecuadoraldia.com.ec\/wp-content\/uploads\/2017\/04\/ANA-PROANO-ARCOTEL-300x196.jpg 300w, https:\/\/www.ecuadoraldia.com.ec\/wp-content\/uploads\/2017\/04\/ANA-PROANO-ARCOTEL.jpg 600w\" sizes=\"(max-width: 300px) 100vw, 300px\" \/><\/a>Mi\u00e9rcoles, 12\/04\/2017. La Agencia de Regulaci\u00f3n y Control de las Telecomunicaciones (Arcotel) suscribi\u00f3 este mi\u00e9rcoles los primeros 15 t\u00edtulos habilitantes dentro del proceso de concesi\u00f3n de frecuencias para radio y televisi\u00f3n de se\u00f1al abierta de medios de comunicaci\u00f3n privados y comunitarios.<\/p>\n<p style=\"text-align: justify;\">La firma se cumpli\u00f3 una vez que el Consejo de Regulaci\u00f3n y Desarrollo de la Informaci\u00f3n (Cordicom) remiti\u00f3 los informes vinculantes correspondientes para la adjudicaci\u00f3n de frecuencias.<\/p>\n<p style=\"text-align: justify;\">La Arcotel inform\u00f3 que contin\u00faa con el concurso p\u00fablico para la adjudicaci\u00f3n de frecuencias considerado como un \u201chito hist\u00f3rico\u201d en el Ecuador ya que ha permitido a todos los ciudadanos interesados en acceder a una frecuencia, participar en igualdad de condiciones.<\/p>\n<p style=\"text-align: justify;\"><a href=\"http:\/\/www.ecuadoraldia.com.ec\/wp-content\/uploads\/2017\/04\/concesiones.jpg\" rel=\"attachment wp-att-14707\"><img loading=\"lazy\" decoding=\"async\" class=\"alignleft size-medium wp-image-14707\" src=\"http:\/\/www.ecuadoraldia.com.ec\/wp-content\/uploads\/2017\/04\/concesiones-300x231.jpg\" alt=\"concesiones\" width=\"300\" height=\"231\" srcset=\"https:\/\/www.ecuadoraldia.com.ec\/wp-content\/uploads\/2017\/04\/concesiones-300x231.jpg 300w, https:\/\/www.ecuadoraldia.com.ec\/wp-content\/uploads\/2017\/04\/concesiones.jpg 580w\" sizes=\"(max-width: 300px) 100vw, 300px\" \/><\/a><\/p>\n<p style=\"text-align: justify;\">\u201cHoy se realizan procesos que cumplen con la normativa que rige al sector, de manera t\u00e9cnica, transparente y sin favoritismos, garantizando de esta manera la democratizaci\u00f3n efectiva de las concesiones de los medios de comunicaci\u00f3n, ampliando hacia la sociedad la oportunidad del ejercicio de los derechos a la comunicaci\u00f3n e informaci\u00f3n\u201d, se\u00f1al\u00f3 un comunicado emitido por la entidad.<\/p>\n<p style=\"text-align: justify;\">El 12 de abril de 2016, inici\u00f3 el Concurso P\u00fablico para la Adjudicaci\u00f3n de Frecuencias de Radiodifusi\u00f3n y de Televisi\u00f3n de se\u00f1al abierta. La convocatoria oficial la efectuaron, en rueda de prensa, el Ministro de Telecomunicaciones y de la Sociedad de la Informaci\u00f3n, Ing. Augusto Esp\u00edn; la Directora Ejecutiva de la Agencia de Regulaci\u00f3n y Control de las Telecomunicaciones, Ing. Ana Proa\u00f1o; y, el Presidente del Consejo de Regulaci\u00f3n y Desarrollo de la Informaci\u00f3n y Comunicaci\u00f3n, Mag\u00edster Patricio Zambrano.<\/p>\n<p style=\"text-align: justify;\">Este concurso constituye un hito hist\u00f3rico, porque es un proceso transparente que pretende dar voz a todos los ciudadanos al facilitar la creaci\u00f3n y el fortalecimiento de medios de comunicaci\u00f3n privados y comunitarios. La comunicaci\u00f3n y la informaci\u00f3n son un derecho constitucional que, desde junio de 2013, se estableci\u00f3 con la Ley Org\u00e1nica de Comunicaci\u00f3n, en su art\u00edculo 106, que dispone la distribuci\u00f3n de los medios p\u00fablicos, privados y comunitarios en un 33%, 33% y 34%, respectivamente. A su vez, el Art\u00edculo 105 determina al espectro radioel\u00e9ctrico como un bien de dominio p\u00fablico, inalienable, imprescriptible e inembargable cuya democratizaci\u00f3n para uso y aprovechamiento est\u00e1 a cargo del Estado.<br \/>\nEl martes 24 de enero de 2017, el Consejo de Regulaci\u00f3n y Desarrollo de la Informaci\u00f3n y Comunicaci\u00f3n (Cordicom) aclar\u00f3 ayer que \u201cno habr\u00e1 posiciones ni presiones de grupos de poder, hist\u00f3ricamente opuestos a la supremac\u00eda de los derechos colectivos, que detengan el proceso de democratizaci\u00f3n de la comunicaci\u00f3n\u201d en el concurso de asignaci\u00f3n de frecuencias.<\/p>\n<p style=\"text-align: justify;\">En esas \u00e9pocas los medios estuvieron, seg\u00fan el reporte, en pocas familias, entre ellas, Vivanco, Eljuri, P\u00e9rez, Alvarado Roca, Mantilla, Egas, Mart\u00ednez y Mantilla-Anderson. La concentraci\u00f3n signific\u00f3 que en 2012 solo existieran 0,2% de frecuencias de radio y ninguna para medios comunitarios. Antes de la Ley de Comunicaci\u00f3n, los medios comunitarios eran categorizados como p\u00fablicos y hab\u00eda solo cinco de este tipo.<\/p>\n<p style=\"text-align: justify;\">Posterior a la vigencia de la Ley, 365 frecuencias eran de televisi\u00f3n privada, 146 en poder del Estado y ninguna comunitaria. La situaci\u00f3n en radio era similar. Hab\u00eda 994 estaciones privadas, 150 p\u00fablicas y apenas 20 comunitarias. Seg\u00fan Corape, actualmente las emisoras comunitarias representan el 2% del espectro radioel\u00e9ctrico.<br \/>\nEl Observatorio de FRECUENCIAS que vigila el tema, est\u00e1 a la espera de resultados de una demanda de Inconstitucionalidad que presentaron en la Corte Constitucional, luego el ir\u00e1 al Tribunal Contencioso Administrativo,TCA y posteriormente a Instancias Internacionales.<\/p>\n<p style=\"text-align: justify;\"><a href=\"http:\/\/www.ecuadoraldia.com.ec\/wp-content\/uploads\/2017\/04\/57868dda607f5.jpeg\" rel=\"attachment wp-att-14705\"><img loading=\"lazy\" decoding=\"async\" class=\"alignleft size-medium wp-image-14705\" src=\"http:\/\/www.ecuadoraldia.com.ec\/wp-content\/uploads\/2017\/04\/57868dda607f5-300x167.jpeg\" alt=\"57868dda607f5\" width=\"300\" height=\"167\" srcset=\"https:\/\/www.ecuadoraldia.com.ec\/wp-content\/uploads\/2017\/04\/57868dda607f5-300x167.jpeg 300w, https:\/\/www.ecuadoraldia.com.ec\/wp-content\/uploads\/2017\/04\/57868dda607f5.jpeg 612w\" sizes=\"(max-width: 300px) 100vw, 300px\" \/><\/a>Edgar Jaramillo, Record\u00f3 que, de acuerdo con la convocatoria, el concurso era p\u00fablico, abierto y transparente. \u201cBajo esas consideraciones, un grupo de ciudadanos que hemos estado involucrados en medios de comunicaci\u00f3n, designamos a una persona para que se le permita estar en condici\u00f3n de observador\u201d. Acot\u00f3 que nunca se les respondi\u00f3 las comunicaciones que enviaron a ARCOTEL y CORDICOM. \u201cLa \u00fanica que nos respondieron era dirigida al Presidente del Consejo de Participaci\u00f3n Ciudadana, dici\u00e9ndole que hay unos se\u00f1ores que est\u00e1n diciendo que quieren observar esto\u201d.<\/p>\n<p style=\"text-align: justify;\">Expuso que frente a esta falta de respuesta, se vieron obligados a tomar otro tipo de determinaciones \u201ccomo fue el plantear una acci\u00f3n de acceso a la informaci\u00f3n, ya que no se publicaba\u201d. Se\u00f1al\u00f3 que presentaron una comunicaci\u00f3n a la corte diciendo que la Directora de ARCOTEL cometi\u00f3 desacato. \u201cLa Corte Superior se ratifica y le conmina a entregar los datos en ochos d\u00edas. Con la sentencia en la mano fuimos al ARCOTEL a decir se\u00f1ores aqu\u00ed hay una sentencia y ah\u00ed reci\u00e9n nos entregan la informaci\u00f3n\u201d.<\/p>\n<p style=\"text-align: justify;\">Explic\u00f3 que se dieron cuenta que hab\u00edan distintas empresas que hab\u00edan presentado los proyectos, pero que estas ten\u00edan el mismo domicilio. \u201cLa calle Baquerizo Moreno 1140 y 9 de Octubre, est\u00e1 tantas veces repetido y con distintos nombres, entonces obviamente comenzamos a averiguar\u201d.<\/p>\n<p style=\"text-align: justify;\">Sobre las declaraciones del Presidente electo, Len\u00edn Moreno, el cual dijo que era pertinente que el nuevo Gobierno haga la distribuci\u00f3n de frecuencias, Jaramillo dijo que se debe a otras razones. \u201cEl hecho concreto es que, sacada esta informaci\u00f3n, se rompe uno de los principios en los cuales se sustentaba el proceso. Este dec\u00eda \u201cvamos a democratizar el sistema nacional de comunicaci\u00f3n\u201d y cuando comenzamos a ver, a una sola persona se le concede, con distintos nombres, 104 frecuencias, hay otro se\u00f1or que tiene 48 frecuencias\u201d.<\/p>\n<p style=\"text-align: justify;\">Se\u00f1al\u00f3 que a un candidato a la alcald\u00eda de Machala no se le permiti\u00f3 la calificaci\u00f3n ya que no deb\u00eda tener un contrato con el Estado de frecuencias. \u201cAhora resulta que ha sido electo un asamble\u00edsta y que tiene concesi\u00f3n de frecuencias, el se\u00f1or Yunda\u201d.<\/p>\n<p style=\"text-align: justify;\">Indic\u00f3 que esta la demanda que realizar\u00e1n se debe a que \u201cun reglamento no puede modificar la Ley. Este reglamento es infralegal\u201d. Aclar\u00f3 que existe una normativa \u201cque pretende maniatar para que hablemos de las mismas cosas\u201d.(I)<\/p>\n","protected":false},"excerpt":{"rendered":"<p>Mi\u00e9rcoles, 12\/04\/2017. La Agencia de Regulaci\u00f3n y Control de las Telecomunicaciones (Arcotel) suscribi\u00f3 este mi\u00e9rcoles los primeros 15 t\u00edtulos habilitantes<\/p>\n","protected":false},"author":1,"featured_media":14704,"comment_status":"open","ping_status":"open","sticky":false,"template":"","format":"standard","meta":{"footnotes":""},"categories":[3],"tags":[],"_links":{"self":[{"href":"https:\/\/www.ecuadoraldia.com.ec\/index.php?rest_route=\/wp\/v2\/posts\/14703"}],"collection":[{"href":"https:\/\/www.ecuadoraldia.com.ec\/index.php?rest_route=\/wp\/v2\/posts"}],"about":[{"href":"https:\/\/www.ecuadoraldia.com.ec\/index.php?rest_route=\/wp\/v2\/types\/post"}],"author":[{"embeddable":true,"href":"https:\/\/www.ecuadoraldia.com.ec\/index.php?rest_route=\/wp\/v2\/users\/1"}],"replies":[{"embeddable":true,"href":"https:\/\/www.ecuadoraldia.com.ec\/index.php?rest_route=%2Fwp%2Fv2%2Fcomments&post=14703"}],"version-history":[{"count":3,"href":"https:\/\/www.ecuadoraldia.com.ec\/index.php?rest_route=\/wp\/v2\/posts\/14703\/revisions"}],"predecessor-version":[{"id":14709,"href":"https:\/\/www.ecuadoraldia.com.ec\/index.php?rest_route=\/wp\/v2\/posts\/14703\/revisions\/14709"}],"wp:featuredmedia":[{"embeddable":true,"href":"https:\/\/www.ecuadoraldia.com.ec\/index.php?rest_route=\/wp\/v2\/media\/14704"}],"wp:attachment":[{"href":"https:\/\/www.ecuadoraldia.com.ec\/index.php?rest_route=%2Fwp%2Fv2%2Fmedia&parent=14703"}],"wp:term":[{"taxonomy":"category","embeddable":true,"href":"https:\/\/www.ecuadoraldia.com.ec\/index.php?rest_route=%2Fwp%2Fv2%2Fcategories&post=14703"},{"taxonomy":"post_tag","embeddable":true,"href":"https:\/\/www.ecuadoraldia.com.ec\/index.php?rest_route=%2Fwp%2Fv2%2Ftags&post=14703"}],"curies":[{"name":"wp","href":"https:\/\/api.w.org\/{rel}","templated":true}]}}