{"id":14710,"date":"2017-04-13T14:07:58","date_gmt":"2017-04-13T14:07:58","guid":{"rendered":"http:\/\/www.ecuadoraldia.com.ec\/?p=14710"},"modified":"2017-04-13T14:10:36","modified_gmt":"2017-04-13T14:10:36","slug":"oea-legitima-resultados-electorales-en-ecuador","status":"publish","type":"post","link":"https:\/\/www.ecuadoraldia.com.ec\/?p=14710","title":{"rendered":"OEA legitima resultados electorales en Ecuador"},"content":{"rendered":"<p style=\"text-align: justify;\"><a href=\"http:\/\/www.ecuadoraldia.com.ec\/wp-content\/uploads\/2017\/04\/La-OEA002.jpg\" rel=\"attachment wp-att-14714\"><img loading=\"lazy\" decoding=\"async\" class=\"alignleft size-medium wp-image-14714\" src=\"http:\/\/www.ecuadoraldia.com.ec\/wp-content\/uploads\/2017\/04\/La-OEA002-300x231.jpg\" alt=\"La-OEA002\" width=\"300\" height=\"231\" srcset=\"https:\/\/www.ecuadoraldia.com.ec\/wp-content\/uploads\/2017\/04\/La-OEA002-300x231.jpg 300w, https:\/\/www.ecuadoraldia.com.ec\/wp-content\/uploads\/2017\/04\/La-OEA002-768x592.jpg 768w, https:\/\/www.ecuadoraldia.com.ec\/wp-content\/uploads\/2017\/04\/La-OEA002.jpg 778w\" sizes=\"(max-width: 300px) 100vw, 300px\" \/><\/a>Miami, 12 abr (Andes) \u2013 El secretario general de la Organizaci\u00f3n de Estados Americanos, Luis Almagro, ratific\u00f3 este mi\u00e9rcoles su reconocimiento a los resultados de las elecciones presidenciales de Ecuador en los que se impuso el postulante de Alianza PAIS, Len\u00edn Moreno y mencion\u00f3 que las denuncias sobre supuestas irregularidades, que alega la oposici\u00f3n, deben estar basadas en rigor t\u00e9cnico.<\/p>\n<p style=\"text-align: justify;\">Al final de una cumbre de marketing pol\u00edtica en Miami, al responder preguntas de los presentes, Almagro record\u00f3 que una misi\u00f3n de la OEA fue invitada por el Consejo Nacional Electoral para que observe el desarrollo de los comicios en primera y segunda vuelta.<\/p>\n<p style=\"text-align: justify;\">\u201cLa misi\u00f3n de observaci\u00f3n electoral de la OEA estuvo all\u00ed, fue fundamental en base a nuestro conteo r\u00e1pido para asegurar la segunda vuelta y para dar tranquilidad y estabilidad a todo el proceso electoral (\u2026) La OEA tambi\u00e9n observ\u00f3 la segunda vuelta el conteo r\u00e1pido dio ganador al presidente electo Len\u00edn Moreno\u201d, puntualiz\u00f3.<\/p>\n<p style=\"text-align: justify;\">Precis\u00f3 que la misi\u00f3n del organismo se mantiene a\u00fan en Ecuador y ha verificado las objeciones e impugnaciones de la organizaci\u00f3n perdedora, el movimiento CREO, que auspici\u00f3 la candidatura de Guillermo Lasso.<\/p>\n<p style=\"text-align: justify;\">Lasso perdi\u00f3 las elecciones al alcanzar el 48,85% de sufragios frente al 51,15% de Len\u00edn Moreno. Lasso se hab\u00eda proclamado ganador en base a un exit poll de la empresa Cedatos, que le daba casi seis puntos sobre su contendiente.<\/p>\n<p style=\"text-align: justify;\">Almagro recalc\u00f3 que las impugnaciones tampoco han alterado el resultado oficial, que coincide con el conteo r\u00e1pido de la organizaci\u00f3n. Dijo que se pidi\u00f3 el reconteo general y la OEA fue a ese conteo y ha seguido cada una de las denuncias con rigor.<\/p>\n<p style=\"text-align: justify;\">En ese sentido, hizo hincapi\u00e9 en que las denuncias y los procedimientos de impugnaci\u00f3n deben estar siempre respaldados en datos t\u00e9cnicos y en la precisi\u00f3n de los mismos. \u201cEso es en lo que los sistemas electorales se fijan y eso es lo que la OEA especialmente tiene en cuenta\u201d, sostuvo al recalcar que los procesos electorales \u2013 y las denuncias- deben basarse en el rigor t\u00e9cnico.<\/p>\n<p style=\"text-align: justify;\">Finalmente, frente a un requerimiento de la periodista Ver\u00f3nica Mi\u00f1o, colaboradora de ANDES, el secretario general de la OEA hizo un llamado a los actores pol\u00edticos y a la ciudadan\u00eda para que encuentren fuerza en el di\u00e1logo, con respeto a las posiciones pol\u00edticas, a las que calific\u00f3 de \u201cindispensables\u201d.<\/p>\n<p style=\"text-align: justify;\">El mensaje es que todos los actores pol\u00edticos y la ciudadan\u00eda piensen en La Paz y la tranquilidad de Ecuador\u00bb, concluy\u00f3.<\/p>\n<p style=\"text-align: justify;\">Almagro felicit\u00f3 el 3 de abril, un d\u00eda despu\u00e9s de las elecciones, al presidente electo, Len\u00edn Moreno.<\/p>\n<p style=\"text-align: justify;\">Ese mismo dia, en Quito, Leonel Fern\u00e1ndez, Jefe de Misi\u00f3n de OEA, manifest\u00f3 que no detectaron irregularidades en el proceso electoral y que tampoco encontraron discrepancias entre los resultados recolectados por sus observadores en las Juntas Receptoras del Voto y las actas publicadas por el Consejo Nacional Electoral.<\/p>\n<p style=\"text-align: justify;\">Fern\u00e1ndez asegur\u00f3 que no se pudo constatar un \u201cc\u00famulo de irregularidades o de actividades fraudulentas que pudiesen alterar los resultados\u201d.<\/p>\n<p style=\"text-align: justify;\">Y que son las autoridades electorales las llamadas a determinar irregularidades de acuerdo a las pruebas que se presenten, y que por ello, a la Misi\u00f3n de Observaci\u00f3n no le corresponde establecer si hubo o no fraude, como alega la oposici\u00f3n.<\/p>\n<p style=\"text-align: justify;\">Agencia de Noticias Andes,<\/p>\n","protected":false},"excerpt":{"rendered":"<p>Miami, 12 abr (Andes) \u2013 El secretario general de la Organizaci\u00f3n de Estados Americanos, Luis Almagro, ratific\u00f3 este mi\u00e9rcoles su<\/p>\n","protected":false},"author":1,"featured_media":14714,"comment_status":"open","ping_status":"open","sticky":false,"template":"","format":"standard","meta":{"footnotes":""},"categories":[11],"tags":[],"_links":{"self":[{"href":"https:\/\/www.ecuadoraldia.com.ec\/index.php?rest_route=\/wp\/v2\/posts\/14710"}],"collection":[{"href":"https:\/\/www.ecuadoraldia.com.ec\/index.php?rest_route=\/wp\/v2\/posts"}],"about":[{"href":"https:\/\/www.ecuadoraldia.com.ec\/index.php?rest_route=\/wp\/v2\/types\/post"}],"author":[{"embeddable":true,"href":"https:\/\/www.ecuadoraldia.com.ec\/index.php?rest_route=\/wp\/v2\/users\/1"}],"replies":[{"embeddable":true,"href":"https:\/\/www.ecuadoraldia.com.ec\/index.php?rest_route=%2Fwp%2Fv2%2Fcomments&post=14710"}],"version-history":[{"count":3,"href":"https:\/\/www.ecuadoraldia.com.ec\/index.php?rest_route=\/wp\/v2\/posts\/14710\/revisions"}],"predecessor-version":[{"id":14715,"href":"https:\/\/www.ecuadoraldia.com.ec\/index.php?rest_route=\/wp\/v2\/posts\/14710\/revisions\/14715"}],"wp:featuredmedia":[{"embeddable":true,"href":"https:\/\/www.ecuadoraldia.com.ec\/index.php?rest_route=\/wp\/v2\/media\/14714"}],"wp:attachment":[{"href":"https:\/\/www.ecuadoraldia.com.ec\/index.php?rest_route=%2Fwp%2Fv2%2Fmedia&parent=14710"}],"wp:term":[{"taxonomy":"category","embeddable":true,"href":"https:\/\/www.ecuadoraldia.com.ec\/index.php?rest_route=%2Fwp%2Fv2%2Fcategories&post=14710"},{"taxonomy":"post_tag","embeddable":true,"href":"https:\/\/www.ecuadoraldia.com.ec\/index.php?rest_route=%2Fwp%2Fv2%2Ftags&post=14710"}],"curies":[{"name":"wp","href":"https:\/\/api.w.org\/{rel}","templated":true}]}}