{"id":14721,"date":"2017-04-16T01:03:36","date_gmt":"2017-04-16T01:03:36","guid":{"rendered":"http:\/\/www.ecuadoraldia.com.ec\/?p=14721"},"modified":"2017-04-16T01:10:32","modified_gmt":"2017-04-16T01:10:32","slug":"manabi-un-ano-de-la-tragedia-que-enluto-a-cientos-de-familias","status":"publish","type":"post","link":"https:\/\/www.ecuadoraldia.com.ec\/?p=14721","title":{"rendered":"Manab\u00ed: Un a\u00f1o de la tragedia que enlut\u00f3 a cientos de familias"},"content":{"rendered":"<p style=\"text-align: justify;\"><a href=\"http:\/\/www.ecuadoraldia.com.ec\/wp-content\/uploads\/2017\/04\/manabi.jpg\" rel=\"attachment wp-att-14725\"><img loading=\"lazy\" decoding=\"async\" class=\"alignleft size-medium wp-image-14725\" src=\"http:\/\/www.ecuadoraldia.com.ec\/wp-content\/uploads\/2017\/04\/manabi-300x142.jpg\" alt=\"manabi\" width=\"300\" height=\"142\" srcset=\"https:\/\/www.ecuadoraldia.com.ec\/wp-content\/uploads\/2017\/04\/manabi-300x142.jpg 300w, https:\/\/www.ecuadoraldia.com.ec\/wp-content\/uploads\/2017\/04\/manabi-768x362.jpg 768w, https:\/\/www.ecuadoraldia.com.ec\/wp-content\/uploads\/2017\/04\/manabi-1024x483.jpg 1024w, https:\/\/www.ecuadoraldia.com.ec\/wp-content\/uploads\/2017\/04\/manabi.jpg 1170w\" sizes=\"(max-width: 300px) 100vw, 300px\" \/><\/a>En Portoviejo hay tres eventos para este domingoen recordatorio a las v\u00edctimas del terremoto del 16 de abril de 2016, que cobr\u00f3 la vida de 671 personas, en varios cantons de la Provincia, al igual que en Esmeraldas. En Portoviejo a las 07:00 se efect\u00faara una competencia atl\u00e9tica en las modalidades de 5, 10 y 21 kil\u00f3metros.<\/p>\n<p style=\"text-align: justify;\">A las 11:00, en el parqueo de la Universidad T\u00e9cnica de Manab\u00ed (donde termina la competencia), se realizar\u00e1 el festival gastron\u00f3mico Las Huecas de Portoviejo. \u201cMientras que desde las 17:30, en la calle Pedro Gual, entre Chile y Ricaurte, se ofrecer\u00e1 una misa campal con la presencia de monse\u00f1or Lorenzo Voltollini\u201d, refiri\u00f3 Danny Zambrano, funcionario municipal.<\/p>\n<p style=\"text-align: justify;\">En el lugar se prev\u00e9 mostrar el reloj que estaba en el antiguo centro comercial y que detuvo su marcha justo en el instante del movimiento tel\u00farico, es decir, a las 18:58. Ah\u00ed habr\u00e1 un \u00e1rea para que familiares ubiquen fotos y recuerdos de v\u00edctimas.<\/p>\n<p style=\"text-align: justify;\">A las 19:00 est\u00e1 programado el cotejo Col\u00f3n F\u00fatbol Club vs. Liga de Portoviejo, que hace un a\u00f1o no se lo pudo efectuar a esa hora por el terremoto, ni tampoco el 18 de mayo pasado por una fuerte r\u00e9plica. De ah\u00ed que los manabitas lo catalogaron de \u201cpartido imposible\u201d.<\/p>\n<p style=\"text-align: justify;\">Las eucarist\u00edas marcan ma\u00f1ana la jornada de recordaci\u00f3n de las v\u00edctimas del potente remez\u00f3n de magnitud 7,8 en la escala de Richter.<\/p>\n<p style=\"text-align: justify;\">En Manta, a las 16:00, habr\u00e1 una caminata entre la Plaza C\u00edvica y el parque El Rosario de Tarqui. Luego se har\u00e1 una misa y la posterior develaci\u00f3n de un memorial en honor a los 206 fallecidos, registrados en Manta.<\/p>\n<p style=\"text-align: justify;\">En Chone, el Municipio y la parroquia eclesi\u00e1stica San Cayetano evocar\u00e1n la tragedia a las 18:00 con actos religiosos que invitan a la reflexi\u00f3n y valorar, seg\u00fan organizadores, la vida que Dios \u201cvolvi\u00f3 a dar\u201d. Se colocar\u00e1 una placa declarando el 16 de abril como d\u00eda de la solidaridad y la hermandad chonense. Se pondr\u00e1n cirios en recordaci\u00f3n de los fallecidos.<\/p>\n<p style=\"text-align: justify;\">En Pedernales, a las 08:30, el alcalde Gabriel Alc\u00edvar encabezar\u00e1 la puesta de una ofrenda floral ante el monumento a los ca\u00eddos del 16-A, en el malec\u00f3n. A las 16:00, la Orquesta Sinf\u00f3nica Nacional del Ecuador, el Coro L\u00edrico Montecristi y el grupo cristiano Dinast\u00eda se presentar\u00e1n en el parque central. A las 17:30, habr\u00e1 una misa campal.<\/p>\n<p style=\"text-align: justify;\">En Calceta y otros cantones manabitas tambi\u00e9n habr\u00e1 eucarist\u00edas en la hora del terremoto. El p\u00e1rroco Dar\u00edo Miasik se\u00f1al\u00f3 que a las 18:58 repicar\u00e1n las campanas del templo, encender\u00e1n velas y se ofrecer\u00e1 un minuto de silencio. Luego se soltar\u00e1n globos en medio del canto del Ave Mar\u00eda.<\/p>\n<p style=\"text-align: justify;\">En Canoa, cant\u00f3n San Vicente, la organizaci\u00f3n Canoa Renace junto a organizaciones Proyecto Sam\u00e1n, Comparte Ecuador, Al\u00e9grate Canoa y la junta parroquial de Canoa promover\u00e1n una caminata a las 10:30. Los organizadores prometen m\u00fasica de emprendedores, siembra de plantas, danza, bailoterapia y caritas pintadas.<\/p>\n<p style=\"text-align: justify;\">A las 18:00 se har\u00e1n actividades l\u00fadicas deportivas en la playa, mientras que a las 18:30, habr\u00e1 lanzamiento de l\u00e1mparas chinas con mensajes.<\/p>\n<p style=\"text-align: justify;\">En Canoa est\u00e1 programada una misa a las 12:30, en el parque central; adem\u00e1s, exposici\u00f3n de fotograf\u00edas y di\u00e1logo con familias y voluntarios, de 15:00 a 17:00, en el local de Beach Boys en el malec\u00f3n.<\/p>\n<p style=\"text-align: justify;\">En San Vicente, la misa empezar\u00e1 ma\u00f1ana a las 18:58 en la cancha de la asociaci\u00f3n de voleibol, en la zona del malec\u00f3n.<\/p>\n<p style=\"text-align: justify;\">En Bah\u00eda de Car\u00e1quez, a las 17:00, ser\u00e1 la misa en el parque Manuel Nev\u00e1rez, a cargo de la parroquia La Merced. Oficiar\u00e1 el padre Bruno do Santos.<br \/>\nIgual recordatorio har\u00e1n las autoridades de la provincia con funcionarios del gobierno(I)<\/p>\n","protected":false},"excerpt":{"rendered":"<p>En Portoviejo hay tres eventos para este domingoen recordatorio a las v\u00edctimas del terremoto del 16 de abril de 2016,<\/p>\n","protected":false},"author":1,"featured_media":14725,"comment_status":"open","ping_status":"open","sticky":false,"template":"","format":"standard","meta":{"footnotes":""},"categories":[11],"tags":[],"_links":{"self":[{"href":"https:\/\/www.ecuadoraldia.com.ec\/index.php?rest_route=\/wp\/v2\/posts\/14721"}],"collection":[{"href":"https:\/\/www.ecuadoraldia.com.ec\/index.php?rest_route=\/wp\/v2\/posts"}],"about":[{"href":"https:\/\/www.ecuadoraldia.com.ec\/index.php?rest_route=\/wp\/v2\/types\/post"}],"author":[{"embeddable":true,"href":"https:\/\/www.ecuadoraldia.com.ec\/index.php?rest_route=\/wp\/v2\/users\/1"}],"replies":[{"embeddable":true,"href":"https:\/\/www.ecuadoraldia.com.ec\/index.php?rest_route=%2Fwp%2Fv2%2Fcomments&post=14721"}],"version-history":[{"count":3,"href":"https:\/\/www.ecuadoraldia.com.ec\/index.php?rest_route=\/wp\/v2\/posts\/14721\/revisions"}],"predecessor-version":[{"id":14726,"href":"https:\/\/www.ecuadoraldia.com.ec\/index.php?rest_route=\/wp\/v2\/posts\/14721\/revisions\/14726"}],"wp:featuredmedia":[{"embeddable":true,"href":"https:\/\/www.ecuadoraldia.com.ec\/index.php?rest_route=\/wp\/v2\/media\/14725"}],"wp:attachment":[{"href":"https:\/\/www.ecuadoraldia.com.ec\/index.php?rest_route=%2Fwp%2Fv2%2Fmedia&parent=14721"}],"wp:term":[{"taxonomy":"category","embeddable":true,"href":"https:\/\/www.ecuadoraldia.com.ec\/index.php?rest_route=%2Fwp%2Fv2%2Fcategories&post=14721"},{"taxonomy":"post_tag","embeddable":true,"href":"https:\/\/www.ecuadoraldia.com.ec\/index.php?rest_route=%2Fwp%2Fv2%2Ftags&post=14721"}],"curies":[{"name":"wp","href":"https:\/\/api.w.org\/{rel}","templated":true}]}}