{"id":14731,"date":"2017-04-20T14:47:09","date_gmt":"2017-04-20T14:47:09","guid":{"rendered":"http:\/\/www.ecuadoraldia.com.ec\/?p=14731"},"modified":"2017-04-20T14:47:09","modified_gmt":"2017-04-20T14:47:09","slug":"moreno-recibe-felicitacion-en-consejo-permanente-de-oea","status":"publish","type":"post","link":"https:\/\/www.ecuadoraldia.com.ec\/?p=14731","title":{"rendered":"Moreno recibe felicitaci\u00f3n en Consejo Permanente de OEA"},"content":{"rendered":"<p><del><a href=\"http:\/\/www.ecuadoraldia.com.ec\/wp-content\/uploads\/2017\/04\/oea_cancilleria.jpg\"><img loading=\"lazy\" decoding=\"async\" class=\"alignleft size-medium wp-image-14732\" src=\"http:\/\/www.ecuadoraldia.com.ec\/wp-content\/uploads\/2017\/04\/oea_cancilleria-300x153.jpg\" alt=\"\" width=\"300\" height=\"153\" srcset=\"https:\/\/www.ecuadoraldia.com.ec\/wp-content\/uploads\/2017\/04\/oea_cancilleria-300x153.jpg 300w, https:\/\/www.ecuadoraldia.com.ec\/wp-content\/uploads\/2017\/04\/oea_cancilleria.jpg 580w\" sizes=\"(max-width: 300px) 100vw, 300px\" \/><\/a><\/del><del><\/del><del><\/del>El Presidente del Consejo Permanente de la Organizaci\u00f3n de Estados Americanos (OEA), Diego Pary, salud\u00f3 este mi\u00e9rcoles desde Washington a Len\u00edn Moreno por su elecci\u00f3n como Presidente de Ecuador para el per\u00edodo de 2017 a 2021, a nombre de los 34 pa\u00edses miembros.<\/p>\n<p>Pary se refiri\u00f3 a nombre de los Estados de las Am\u00e9ricas \u201cpor la s\u00f3lida democracia que ha demostrado el pueblo ecuatoriano\u201d, en la sesi\u00f3n ordinaria del Consejo Permanente de esa Organizaci\u00f3n.<\/p>\n<p>Tambi\u00e9n el jefe del gabinete de la OEA, Gonzalo Koncke, envi\u00f3 un mensaje similar a Moreno tras el ejercicio democr\u00e1tico del pasado d\u00eda 2 de abril, a nombre del secretario general Luis Almagro, quien con anterioridad hab\u00eda saludado al candidato vencedor en las urnas.<\/p>\n<p>Koncke inform\u00f3 sobre el comunicado de Prensa de la OEA sobre la participaci\u00f3n de la Organizaci\u00f3n en el proceso de reconteo de m\u00e1s de 1,2 millones de votos, en estricto apego a la ley.<\/p>\n<p>\u00abUn recuento de votos de esta magnitud y bajo estas reglas es un ejercicio de transparencia\u00bb, refiri\u00f3, al se\u00f1alar que el organismo hizo un llamado a las organizaciones pol\u00edticas a que \u00abest\u00e9n presentes en el recuento de votos para que tengan datos de primera mano y puedan informar de manera certera y responsable a sus seguidores\u00bb.<\/p>\n<p>El recuento de votos se realiz\u00f3 la v\u00edspera al 100 % de las 3.865 actas impugnadas tanto por el Movimiento Alianza PAIS como por la alianza CREO-SUMA, la que, sin embargo, se ausent\u00f3 a la diligencia que hab\u00eda demandado ante el Consejo Nacional Electoral.<\/p>\n<p>Como resultado, Moreno se ratific\u00f3 a la cabeza, y logr\u00f3 escalar una cent\u00e9sima al pasar de 51.15% en segunda vuelta a 51.16% en el recuento, mientras su contendor Guillermo Lasso alcanz\u00f3 finalmente 48.84%, de 48.85 obtenido el 2 de abril.<\/p>\n<p>En su cuenta en Twitter, la Canciller\u00eda ecuatoriana se\u00f1al\u00f3 que \u201cen Consejo de la OEA hoy pa\u00edses de la regi\u00f3n felicitaron al Ecuador y al Presidente electo Len\u00edn por el \u00e9xito en el proceso electoral\u201d y comparti\u00f3 los mensajes de salutaci\u00f3n de diferentes pa\u00edses en esa instancia internacional.<\/p>\n<p>Colombia, Costa Rica, Venezuela, Bolivia, Rep\u00fablica Dominicana, Uruguay, Argentina, Estados Unidos, Nicaragua, M\u00e9xico, Paraguay, Guatemala, Per\u00fa y Canad\u00e1, enviaron cada uno mensajes al representante de Alianza PAIS en la liza electoral, quien conducir\u00e1 los destinos de la naci\u00f3n ecuatoriana de 2017 a 2021.<\/p>\n<p>Tambi\u00e9n en el Consejo de la OEA, el Secretario General Adjunto, N\u00e9stor M\u00e9ndez, representante del Caribe, celebr\u00f3 \u201ccon el pueblo y el gobierno del Ecuador la conclusi\u00f3n del proceso electoral y le deseamos todo \u00e9xito al Presidente Electo, se\u00f1or Len\u00edn Moreno, en su importante mandato\u00bb.<\/p>\n<p>Por su parte, el embajador de Ecuador ante la OEA, Marco Albuja, destac\u00f3 las palabras de las misiones electorales internacionales y de la sociedad civil ecuatoriana sobre la transparencia y organizaci\u00f3n y agradeci\u00f3 las muestras de afecto las Delegaciones presentes en el Consejo Permanente. \u00abGracias a todos por el acompa\u00f1amiento y la celebraci\u00f3n democr\u00e1tica en mi pa\u00eds\u201d, manifest\u00f3. (Andes)<\/p>\n","protected":false},"excerpt":{"rendered":"<p>El Presidente del Consejo Permanente de la Organizaci\u00f3n de Estados Americanos (OEA), Diego Pary, salud\u00f3 este mi\u00e9rcoles desde Washington a<\/p>\n","protected":false},"author":1,"featured_media":14732,"comment_status":"closed","ping_status":"closed","sticky":false,"template":"","format":"standard","meta":{"footnotes":""},"categories":[3],"tags":[],"_links":{"self":[{"href":"https:\/\/www.ecuadoraldia.com.ec\/index.php?rest_route=\/wp\/v2\/posts\/14731"}],"collection":[{"href":"https:\/\/www.ecuadoraldia.com.ec\/index.php?rest_route=\/wp\/v2\/posts"}],"about":[{"href":"https:\/\/www.ecuadoraldia.com.ec\/index.php?rest_route=\/wp\/v2\/types\/post"}],"author":[{"embeddable":true,"href":"https:\/\/www.ecuadoraldia.com.ec\/index.php?rest_route=\/wp\/v2\/users\/1"}],"replies":[{"embeddable":true,"href":"https:\/\/www.ecuadoraldia.com.ec\/index.php?rest_route=%2Fwp%2Fv2%2Fcomments&post=14731"}],"version-history":[{"count":1,"href":"https:\/\/www.ecuadoraldia.com.ec\/index.php?rest_route=\/wp\/v2\/posts\/14731\/revisions"}],"predecessor-version":[{"id":14733,"href":"https:\/\/www.ecuadoraldia.com.ec\/index.php?rest_route=\/wp\/v2\/posts\/14731\/revisions\/14733"}],"wp:featuredmedia":[{"embeddable":true,"href":"https:\/\/www.ecuadoraldia.com.ec\/index.php?rest_route=\/wp\/v2\/media\/14732"}],"wp:attachment":[{"href":"https:\/\/www.ecuadoraldia.com.ec\/index.php?rest_route=%2Fwp%2Fv2%2Fmedia&parent=14731"}],"wp:term":[{"taxonomy":"category","embeddable":true,"href":"https:\/\/www.ecuadoraldia.com.ec\/index.php?rest_route=%2Fwp%2Fv2%2Fcategories&post=14731"},{"taxonomy":"post_tag","embeddable":true,"href":"https:\/\/www.ecuadoraldia.com.ec\/index.php?rest_route=%2Fwp%2Fv2%2Ftags&post=14731"}],"curies":[{"name":"wp","href":"https:\/\/api.w.org\/{rel}","templated":true}]}}