{"id":14734,"date":"2017-04-20T14:50:21","date_gmt":"2017-04-20T14:50:21","guid":{"rendered":"http:\/\/www.ecuadoraldia.com.ec\/?p=14734"},"modified":"2017-04-20T14:50:21","modified_gmt":"2017-04-20T14:50:21","slug":"nebot-reconoce-respeto-al-marco-legal-en-escrutinio-del-cne","status":"publish","type":"post","link":"https:\/\/www.ecuadoraldia.com.ec\/?p=14734","title":{"rendered":"Nebot reconoce respeto al marco legal en escrutinio del CNE"},"content":{"rendered":"<p><a href=\"http:\/\/www.ecuadoraldia.com.ec\/wp-content\/uploads\/2017\/04\/nebot_1.jpg\"><img loading=\"lazy\" decoding=\"async\" class=\"alignleft size-medium wp-image-14735\" src=\"http:\/\/www.ecuadoraldia.com.ec\/wp-content\/uploads\/2017\/04\/nebot_1-300x199.jpg\" alt=\"\" width=\"300\" height=\"199\" srcset=\"https:\/\/www.ecuadoraldia.com.ec\/wp-content\/uploads\/2017\/04\/nebot_1-300x199.jpg 300w, https:\/\/www.ecuadoraldia.com.ec\/wp-content\/uploads\/2017\/04\/nebot_1.jpg 580w\" sizes=\"(max-width: 300px) 100vw, 300px\" \/><\/a>Guayaquil, 19 abr (Andes).- El alcalde de Guayaquil, Jaime Nebot, reconoci\u00f3 el marco legal con el que ha actuado el Consejo Nacional Electoral (CNE) al efectuar el recuento, en un acto p\u00fablico e in\u00e9dito, de m\u00e1s de 3.800 actas impugnadas por los movimientos CREO y Alianza PAIS, que finalmente ratificaron el triunfo del binomio oficialista Len\u00edn Moreno y Jorge Glas.<\/p>\n<p>En su acostumbrado enlace radial de los mi\u00e9rcoles, el burgomaestre porte\u00f1o, uno de los l\u00edderes de la derecha ecuatoriana, indic\u00f3 que la ley s\u00ed prev\u00e9 el recuento de cada uno de los votos, tal como lo ped\u00eda el candidato perdedor Guillermo Lasso, pero para que eso ocurra deb\u00eda fundamentar su reclamo de cada una de las actas y eso no ocurri\u00f3, dejando entrever que fall\u00f3 el control electoral de esa organizaci\u00f3n pol\u00edtica.<\/p>\n<p>\u201cEl C\u00f3digo de la Democracia s\u00ed prev\u00e9 un mecanismo para abrir todas y cada una de las urnas y contar todos los votos. \u00bfCu\u00e1l es el mecanismo? Si, como fruto de un buen control electoral -y CREO dijo expresamente tenerlo- un partido pol\u00edtico presenta todas y cada una de las actas, en este caso 41.000 actas, las impugna y las contrasta estableciendo diferencias con el resultado oficial del CNE entonces procede la apertura de todas las actas\u201d, indic\u00f3 Nebot.<\/p>\n<p>Sobre este tema agreg\u00f3 que el CNE procedi\u00f3 al recuento de los votos de las casi 4.000 actas que impugn\u00f3 el excandidato Guillermo Lasso indicando que all\u00ed se encontraba fraude, pero no acept\u00f3 posiciones \u201csupralegales\u201d, tal como lo sugiri\u00f3 hace una semana en el sentido de escoger aleatoriamente un grupo de actas y contarlas, lo que \u2013seg\u00fan dijo- contribuir\u00eda a una necesaria \u201clegitimidad sobre la elecci\u00f3n\u201d.<\/p>\n<p>En esa materia, recalc\u00f3, le corresponde al CNE la competencia exclusiva en materia de decisiones, as\u00ed como el candidato que se sienta perjudicado de tomar acciones de reclamos.<\/p>\n<p>En los \u00faltimos d\u00edas Nebot ha sido el blanco, especialmente en redes sociales, de cuestionamientos de simpatizantes del movimiento CREO que lo acusan de no apoyar las denuncias de supuesto fraude de Lasso y de sumarse a las protestas callejeras.<\/p>\n<p>El burgomaestre ha sido enf\u00e1tico en reiterar su respeto al marco legal, al tiempo que acus\u00f3 a cierta militancia de CREO de ser \u201cun poco de ani\u00f1ados que sabr\u00e1n de muchas cosas pero no de pol\u00edtica\u201d. (ANDES)<\/p>\n","protected":false},"excerpt":{"rendered":"<p>Guayaquil, 19 abr (Andes).- El alcalde de Guayaquil, Jaime Nebot, reconoci\u00f3 el marco legal con el que ha actuado el<\/p>\n","protected":false},"author":1,"featured_media":14735,"comment_status":"closed","ping_status":"closed","sticky":false,"template":"","format":"standard","meta":{"footnotes":""},"categories":[3],"tags":[],"_links":{"self":[{"href":"https:\/\/www.ecuadoraldia.com.ec\/index.php?rest_route=\/wp\/v2\/posts\/14734"}],"collection":[{"href":"https:\/\/www.ecuadoraldia.com.ec\/index.php?rest_route=\/wp\/v2\/posts"}],"about":[{"href":"https:\/\/www.ecuadoraldia.com.ec\/index.php?rest_route=\/wp\/v2\/types\/post"}],"author":[{"embeddable":true,"href":"https:\/\/www.ecuadoraldia.com.ec\/index.php?rest_route=\/wp\/v2\/users\/1"}],"replies":[{"embeddable":true,"href":"https:\/\/www.ecuadoraldia.com.ec\/index.php?rest_route=%2Fwp%2Fv2%2Fcomments&post=14734"}],"version-history":[{"count":1,"href":"https:\/\/www.ecuadoraldia.com.ec\/index.php?rest_route=\/wp\/v2\/posts\/14734\/revisions"}],"predecessor-version":[{"id":14736,"href":"https:\/\/www.ecuadoraldia.com.ec\/index.php?rest_route=\/wp\/v2\/posts\/14734\/revisions\/14736"}],"wp:featuredmedia":[{"embeddable":true,"href":"https:\/\/www.ecuadoraldia.com.ec\/index.php?rest_route=\/wp\/v2\/media\/14735"}],"wp:attachment":[{"href":"https:\/\/www.ecuadoraldia.com.ec\/index.php?rest_route=%2Fwp%2Fv2%2Fmedia&parent=14734"}],"wp:term":[{"taxonomy":"category","embeddable":true,"href":"https:\/\/www.ecuadoraldia.com.ec\/index.php?rest_route=%2Fwp%2Fv2%2Fcategories&post=14734"},{"taxonomy":"post_tag","embeddable":true,"href":"https:\/\/www.ecuadoraldia.com.ec\/index.php?rest_route=%2Fwp%2Fv2%2Ftags&post=14734"}],"curies":[{"name":"wp","href":"https:\/\/api.w.org\/{rel}","templated":true}]}}