{"id":14754,"date":"2017-04-27T09:16:49","date_gmt":"2017-04-27T14:16:49","guid":{"rendered":"http:\/\/www.ecuadoraldia.com.ec\/?p=14754"},"modified":"2017-04-27T09:16:49","modified_gmt":"2017-04-27T14:16:49","slug":"se-elimina-cobro-de-uno-de-los-tres-peajes-de-la-aloag-santo-domingo","status":"publish","type":"post","link":"https:\/\/www.ecuadoraldia.com.ec\/?p=14754","title":{"rendered":"Se elimina cobro de uno de los tres peajes de la Aloag Santo Domingo"},"content":{"rendered":"<p><a href=\"http:\/\/www.ecuadoraldia.com.ec\/wp-content\/uploads\/2017\/04\/transportistas-25a17.jpg\"><img loading=\"lazy\" decoding=\"async\" class=\"alignleft size-medium wp-image-14755\" src=\"http:\/\/www.ecuadoraldia.com.ec\/wp-content\/uploads\/2017\/04\/transportistas-25a17-300x183.jpg\" alt=\"\" width=\"300\" height=\"183\" srcset=\"https:\/\/www.ecuadoraldia.com.ec\/wp-content\/uploads\/2017\/04\/transportistas-25a17-300x183.jpg 300w, https:\/\/www.ecuadoraldia.com.ec\/wp-content\/uploads\/2017\/04\/transportistas-25a17-768x468.jpg 768w, https:\/\/www.ecuadoraldia.com.ec\/wp-content\/uploads\/2017\/04\/transportistas-25a17.jpg 904w\" sizes=\"(max-width: 300px) 100vw, 300px\" \/><\/a>Quito, martes 25 de Abril de 2017. El cobro de 1 a de los 3 peajes en la v\u00eda Al\u00f3ag-Santo Domingo se suspendi\u00f3 luego de una reuni\u00f3n de las autoridades del Ministerio de Obras P\u00fablicas con los prefectos de Pichincha y Santo Domingo de los Ts\u00e1chilas.<br \/>\nTras esta decisi\u00f3n, las federaciones de transporte pesado declinaron el paro que estaba previsto para este 26 de abril de 2017, precisamente por el cobro de un nuevo peaje.<\/p>\n<p>De esta forma, se mantendr\u00e1 un peaje en Al\u00f3ag y otro en Santo Domingo, por toda la ruta la tarifa ser\u00e1:<br \/>\nVeh\u00edculos livianos: $ 2<br \/>\nCamiones: $4<br \/>\nBuses: $8<br \/>\nVeh\u00edculos extrapesados: $12<\/p>\n<p>El martes 25 de abril, las Autoridades del Ministerio de Transporte y Obras P\u00fablicas mantuvieron una reuni\u00f3n con los prefectos de la provincia de Pichincha y de Santo Domingo de los Ts\u00e1chilas. En d\u00edas anteriores, los transportistas se manifestaron en contra del pago de la nueva tarifa.<\/p>\n<p>Si bien el prefecto de Santo Domingo de los Ts\u00e1chilas, Geovanny Ben\u00edtez hab\u00eda explicado que hab\u00eda un convenio firmado con el Ministerio de Transporte que autorizaba el cobro de la tarifa, luego de una reuni\u00f3n con el Prefecto de Pichincha y representantes del Ministerio de Obras P\u00fablicas, se decidi\u00f3 interrumpir el cobro de dicho monto.<\/p>\n<p>Luego de presentar la decisi\u00f3n tomada, las federaciones de transporte pesado optaron por cancelar el paro que hab\u00edan previsto para hoy, 26 de abril, para manifestar su disconformidad con el cobro del nuevo peaje. Tambi\u00e9n se resolvi\u00f3 no habilitar a\u00fan el tercer peaje en Tandapi en el cual funcionar\u00e1 \u00fanicamente un punto de auxilio del ECU 911. Es as\u00ed que se mantendr\u00e1 un solo peaje en Al\u00f3ag y otro en Santo Domingo con las tarifas:<\/p>\n<p>El 18 de Abril de 2017, en la ma\u00f1ana la v\u00eda Al\u00f3ag-Santo Domingo fue cerrada debido a que un grupo de transportistas se ha concentrado en el sitio para protestar contra el nuevo cobro del peaje.<\/p>\n<p>Los conductores que atraviesan la estaci\u00f3n ubicada en el kil\u00f3metro 88, administrada por la Prefectura de Santo Domingo de los Ts\u00e1chilas, deben pagar la tarifa de USD 1,00. As\u00ed se estableci\u00f3 este lunes 17 de abril.<\/p>\n<p>El malestar de los transportistas ser\u00eda que, antes de llegar al Km 88, tambi\u00e9n deben pagar el peaje de Al\u00f3ag, perteneciente a la provincia Pichincha.<\/p>\n","protected":false},"excerpt":{"rendered":"<p>Quito, martes 25 de Abril de 2017. El cobro de 1 a de los 3 peajes en la v\u00eda Al\u00f3ag-Santo<\/p>\n","protected":false},"author":1,"featured_media":14755,"comment_status":"closed","ping_status":"closed","sticky":false,"template":"","format":"standard","meta":{"footnotes":""},"categories":[3],"tags":[],"_links":{"self":[{"href":"https:\/\/www.ecuadoraldia.com.ec\/index.php?rest_route=\/wp\/v2\/posts\/14754"}],"collection":[{"href":"https:\/\/www.ecuadoraldia.com.ec\/index.php?rest_route=\/wp\/v2\/posts"}],"about":[{"href":"https:\/\/www.ecuadoraldia.com.ec\/index.php?rest_route=\/wp\/v2\/types\/post"}],"author":[{"embeddable":true,"href":"https:\/\/www.ecuadoraldia.com.ec\/index.php?rest_route=\/wp\/v2\/users\/1"}],"replies":[{"embeddable":true,"href":"https:\/\/www.ecuadoraldia.com.ec\/index.php?rest_route=%2Fwp%2Fv2%2Fcomments&post=14754"}],"version-history":[{"count":1,"href":"https:\/\/www.ecuadoraldia.com.ec\/index.php?rest_route=\/wp\/v2\/posts\/14754\/revisions"}],"predecessor-version":[{"id":14756,"href":"https:\/\/www.ecuadoraldia.com.ec\/index.php?rest_route=\/wp\/v2\/posts\/14754\/revisions\/14756"}],"wp:featuredmedia":[{"embeddable":true,"href":"https:\/\/www.ecuadoraldia.com.ec\/index.php?rest_route=\/wp\/v2\/media\/14755"}],"wp:attachment":[{"href":"https:\/\/www.ecuadoraldia.com.ec\/index.php?rest_route=%2Fwp%2Fv2%2Fmedia&parent=14754"}],"wp:term":[{"taxonomy":"category","embeddable":true,"href":"https:\/\/www.ecuadoraldia.com.ec\/index.php?rest_route=%2Fwp%2Fv2%2Fcategories&post=14754"},{"taxonomy":"post_tag","embeddable":true,"href":"https:\/\/www.ecuadoraldia.com.ec\/index.php?rest_route=%2Fwp%2Fv2%2Ftags&post=14754"}],"curies":[{"name":"wp","href":"https:\/\/api.w.org\/{rel}","templated":true}]}}