{"id":14757,"date":"2017-04-27T10:14:37","date_gmt":"2017-04-27T15:14:37","guid":{"rendered":"http:\/\/www.ecuadoraldia.com.ec\/?p=14757"},"modified":"2017-04-27T10:18:22","modified_gmt":"2017-04-27T15:18:22","slug":"abogado-de-moran-insiste-en-que-su-cliente-se-ratifico-en-acusaciones-por-caso-frecuencias","status":"publish","type":"post","link":"https:\/\/www.ecuadoraldia.com.ec\/?p=14757","title":{"rendered":"Abogado de Mor\u00e1n insiste en que su cliente se ratific\u00f3 en acusaciones por caso frecuencias"},"content":{"rendered":"<p><a href=\"http:\/\/www.ecuadoraldia.com.ec\/wp-content\/uploads\/2017\/04\/diego_camacho.jpg\"><img loading=\"lazy\" decoding=\"async\" class=\"alignleft size-medium wp-image-14758\" src=\"http:\/\/www.ecuadoraldia.com.ec\/wp-content\/uploads\/2017\/04\/diego_camacho-300x157.jpg\" alt=\"\" width=\"300\" height=\"157\" srcset=\"https:\/\/www.ecuadoraldia.com.ec\/wp-content\/uploads\/2017\/04\/diego_camacho-300x157.jpg 300w, https:\/\/www.ecuadoraldia.com.ec\/wp-content\/uploads\/2017\/04\/diego_camacho-390x205.jpg 390w, https:\/\/www.ecuadoraldia.com.ec\/wp-content\/uploads\/2017\/04\/diego_camacho.jpg 650w\" sizes=\"(max-width: 300px) 100vw, 300px\" \/><\/a>El pasado lunes se reinstal\u00f3 la audiencia sobre la supuesta venta ilegal de frecuencias de radio, en la que era investigado el ex integrante del Consejo de Regulaci\u00f3n y Desarrollo de la Informaci\u00f3n y Comunicaci\u00f3n (CORDICOM), Marcos P\u00e1rraga, el empresario Tulio Mu\u00f1oz, y Diego Arrellano, por el delito de asociaci\u00f3n il\u00edcita. Seg\u00fan la fiscal Paola C\u00f3rdova, el denunciante, el cantante Gerardo Mor\u00e1n, se retract\u00f3 de la acusaci\u00f3n. Sin embargo, su abogado, Diego Camacho, desminti\u00f3 esta versi\u00f3n y asever\u00f3 que su defendido se ratific\u00f3 en sus acusaciones contra los implicados.<\/p>\n<p>Sobre la base de un supuesto cambio de versi\u00f3n de Mor\u00e1n, C\u00f3rdova emiti\u00f3 un dictamen abstentivo. El Tribunal Penal ratific\u00f3 el estado de inocencia de los investigados quienes fueron acusados por asociaci\u00f3n il\u00edcita.<\/p>\n<p>Camacho asegur\u00f3 que en la declaraci\u00f3n que dio Mor\u00e1n, el 7 de abril, la postura fue la de siempre. Es decir, que el cantante pag\u00f3 US$65.000 d\u00f3lares, en tres entregas, \u201cpara poder participar\u201d en el concurso que asignar\u00e1 1.472 frecuencias de radio y televisi\u00f3n.<\/p>\n<p>El abogado asegur\u00f3 que, adem\u00e1s de ratificarse en su declaraci\u00f3n, Mor\u00e1n dio m\u00e1s detalles de los hechos. Esos datos, sin embargo, no fueron difundidos en la rueda de prensa que ofreci\u00f3 el jurista, en Quito.<\/p>\n<p>\u00c9l cree, adem\u00e1s, que es inviable que se diga que, por la versi\u00f3n del cantante, se termine el proceso legal porque Mor\u00e1n no era el demandante. \u00c9l, agreg\u00f3 el abogado, acudi\u00f3 a las autoridades para mostrar hechos alrededor del concurso que lidera la Agencia de Regulaci\u00f3n y Control de las Telecomunicaciones (ARCOTEL) y el CORDICOM.<\/p>\n<p>C\u00f3rdova sustent\u00f3 la finalizaci\u00f3n del proceso asegurando que el testimonio de Mor\u00e1n era fundamental.<\/p>\n<p>Camacho exigi\u00f3 que los medios de comunicaci\u00f3n rectifiquen las publicaciones que afirmaban que su cliente se retract\u00f3. No dijo qu\u00e9 plantear\u00e1 ante la fiscal C\u00f3rdova, que fue quien cit\u00f3 la palabra \u201crectificaci\u00f3n\u201d en la audiencia del lunes.<\/p>\n<p>Mor\u00e1n no fue parte de la rueda de prensa porque, seg\u00fan trascendi\u00f3, est\u00e1 de gira musical en Europa.\u00a0Fuentes: Expreso<\/p>\n","protected":false},"excerpt":{"rendered":"<p>El pasado lunes se reinstal\u00f3 la audiencia sobre la supuesta venta ilegal de frecuencias de radio, en la que era<\/p>\n","protected":false},"author":1,"featured_media":14758,"comment_status":"closed","ping_status":"closed","sticky":false,"template":"","format":"standard","meta":{"footnotes":""},"categories":[5],"tags":[],"_links":{"self":[{"href":"https:\/\/www.ecuadoraldia.com.ec\/index.php?rest_route=\/wp\/v2\/posts\/14757"}],"collection":[{"href":"https:\/\/www.ecuadoraldia.com.ec\/index.php?rest_route=\/wp\/v2\/posts"}],"about":[{"href":"https:\/\/www.ecuadoraldia.com.ec\/index.php?rest_route=\/wp\/v2\/types\/post"}],"author":[{"embeddable":true,"href":"https:\/\/www.ecuadoraldia.com.ec\/index.php?rest_route=\/wp\/v2\/users\/1"}],"replies":[{"embeddable":true,"href":"https:\/\/www.ecuadoraldia.com.ec\/index.php?rest_route=%2Fwp%2Fv2%2Fcomments&post=14757"}],"version-history":[{"count":2,"href":"https:\/\/www.ecuadoraldia.com.ec\/index.php?rest_route=\/wp\/v2\/posts\/14757\/revisions"}],"predecessor-version":[{"id":14760,"href":"https:\/\/www.ecuadoraldia.com.ec\/index.php?rest_route=\/wp\/v2\/posts\/14757\/revisions\/14760"}],"wp:featuredmedia":[{"embeddable":true,"href":"https:\/\/www.ecuadoraldia.com.ec\/index.php?rest_route=\/wp\/v2\/media\/14758"}],"wp:attachment":[{"href":"https:\/\/www.ecuadoraldia.com.ec\/index.php?rest_route=%2Fwp%2Fv2%2Fmedia&parent=14757"}],"wp:term":[{"taxonomy":"category","embeddable":true,"href":"https:\/\/www.ecuadoraldia.com.ec\/index.php?rest_route=%2Fwp%2Fv2%2Fcategories&post=14757"},{"taxonomy":"post_tag","embeddable":true,"href":"https:\/\/www.ecuadoraldia.com.ec\/index.php?rest_route=%2Fwp%2Fv2%2Ftags&post=14757"}],"curies":[{"name":"wp","href":"https:\/\/api.w.org\/{rel}","templated":true}]}}