{"id":14764,"date":"2017-04-28T15:11:22","date_gmt":"2017-04-28T20:11:22","guid":{"rendered":"http:\/\/www.ecuadoraldia.com.ec\/?p=14764"},"modified":"2017-04-28T15:11:22","modified_gmt":"2017-04-28T20:11:22","slug":"acusados-por-frecuencias-demandaran-al-estado","status":"publish","type":"post","link":"https:\/\/www.ecuadoraldia.com.ec\/?p=14764","title":{"rendered":"Acusados por \u00a0Frecuencias demandar\u00e1n al Estado\u00a0"},"content":{"rendered":"<p><a href=\"http:\/\/www.ecuadoraldia.com.ec\/wp-content\/uploads\/2017\/04\/frecueniccias.jpg\"><img loading=\"lazy\" decoding=\"async\" class=\"alignleft size-medium wp-image-14765\" src=\"http:\/\/www.ecuadoraldia.com.ec\/wp-content\/uploads\/2017\/04\/frecueniccias-300x169.jpg\" alt=\"\" width=\"300\" height=\"169\" srcset=\"https:\/\/www.ecuadoraldia.com.ec\/wp-content\/uploads\/2017\/04\/frecueniccias-300x169.jpg 300w, https:\/\/www.ecuadoraldia.com.ec\/wp-content\/uploads\/2017\/04\/frecueniccias.jpg 762w\" sizes=\"(max-width: 300px) 100vw, 300px\" \/><\/a>Los abogados Luigi Garc\u00eda e Iv\u00e1n Durazno solo esperan la notificaci\u00f3n de la sentencia del caso Frecuencias para demandar al Estado por da\u00f1o moral contra sus defendidos Tulio Mu\u00f1oz y Diego Arellano.<\/p>\n<p>Los dos y Marcos P\u00e1rraga, exfuncionario del Consejo de Regulaci\u00f3n y Desarrollo de la Comunicaci\u00f3n (Cordicom), fueron sobrese\u00eddos el lunes pasado durante la audiencia de llamamiento a juicio, por el supuesto delito de asociaci\u00f3n il\u00edcita, por el que la Fiscal\u00eda se abstuvo de acusarlos.<\/p>\n<p>Tanto Mu\u00f1oz, de la Corporaci\u00f3n Manabita de Radio y Televisi\u00f3n, y Arellano, propietario de una empresa que elabora discos compactos, estuvieron detenidos; el primero tres meses y el segundo seis, por una presunci\u00f3n de asociaci\u00f3n il\u00edcita para la venta ilegal de frecuencias de radio que, seg\u00fan sus abogados, la Fiscal\u00eda no logr\u00f3 probar y por tanto se emiti\u00f3 un dictamen abstentivo.<\/p>\n<p>Seg\u00fan los dos abogados, la Fiscal\u00eda hab\u00eda sustentado, en parte, la acusaci\u00f3n en el seguimiento, fotograf\u00edas de encuentros y en la versi\u00f3n sin juramento que rindi\u00f3 el empresario y cantante Gerardo Mor\u00e1n, en la etapa de instrucci\u00f3n fiscal, en la que indicaba que entre \u00e9l y Mu\u00f1oz hab\u00edan entregado 40.000 d\u00f3lares como parte de un aporte total de 200.000 d\u00f3lares para la obtenci\u00f3n de una frecuencia de radio.<\/p>\n<p>Garc\u00eda y Durazno aseguran que en el testimonio bajo juramento, emitido en la audiencia de juicio, Mor\u00e1n dijo que el dinero no fue para la obtenci\u00f3n de frecuencias, sino para estudios, an\u00e1lisis de un proyecto y compra de equipos.<\/p>\n<p>Con ello, seg\u00fan el criterio de los abogados defensores y de la Fiscal\u00eda, el testigo Gerardo Mor\u00e1n ech\u00f3 al trasto el argumento fiscal, aunque su defensor, Diego Camacho, asegura que \u00e9l no se ha retractado.<\/p>\n<p>\u201cSi cambiar su versi\u00f3n no es retractarse no s\u00e9 qu\u00e9 sea eso\u201d, dijo Luigi Garc\u00eda, quien asegura que su defendido, Tulio Mu\u00f1oz, tiene derecho a una indemnizaci\u00f3n del Estado por la mala pr\u00e1ctica jur\u00eddica de parte de los operadores de justicia.<\/p>\n<p>Garc\u00eda excluir\u00e1 a Mor\u00e1n en la demanda porque, dice, \u00e9l no fue el denunciante ni el acusador particular. Pero Durazno dice que la demanda de Arellano s\u00ed lo contemplar\u00e1 porque sobre la base de su versi\u00f3n se caus\u00f3 da\u00f1o moral a su cliente. (RTG-RRG Expreso)<\/p>\n","protected":false},"excerpt":{"rendered":"<p>Los abogados Luigi Garc\u00eda e Iv\u00e1n Durazno solo esperan la notificaci\u00f3n de la sentencia del caso Frecuencias para demandar al<\/p>\n","protected":false},"author":1,"featured_media":14765,"comment_status":"closed","ping_status":"closed","sticky":false,"template":"","format":"standard","meta":{"footnotes":""},"categories":[5],"tags":[],"_links":{"self":[{"href":"https:\/\/www.ecuadoraldia.com.ec\/index.php?rest_route=\/wp\/v2\/posts\/14764"}],"collection":[{"href":"https:\/\/www.ecuadoraldia.com.ec\/index.php?rest_route=\/wp\/v2\/posts"}],"about":[{"href":"https:\/\/www.ecuadoraldia.com.ec\/index.php?rest_route=\/wp\/v2\/types\/post"}],"author":[{"embeddable":true,"href":"https:\/\/www.ecuadoraldia.com.ec\/index.php?rest_route=\/wp\/v2\/users\/1"}],"replies":[{"embeddable":true,"href":"https:\/\/www.ecuadoraldia.com.ec\/index.php?rest_route=%2Fwp%2Fv2%2Fcomments&post=14764"}],"version-history":[{"count":1,"href":"https:\/\/www.ecuadoraldia.com.ec\/index.php?rest_route=\/wp\/v2\/posts\/14764\/revisions"}],"predecessor-version":[{"id":14766,"href":"https:\/\/www.ecuadoraldia.com.ec\/index.php?rest_route=\/wp\/v2\/posts\/14764\/revisions\/14766"}],"wp:featuredmedia":[{"embeddable":true,"href":"https:\/\/www.ecuadoraldia.com.ec\/index.php?rest_route=\/wp\/v2\/media\/14765"}],"wp:attachment":[{"href":"https:\/\/www.ecuadoraldia.com.ec\/index.php?rest_route=%2Fwp%2Fv2%2Fmedia&parent=14764"}],"wp:term":[{"taxonomy":"category","embeddable":true,"href":"https:\/\/www.ecuadoraldia.com.ec\/index.php?rest_route=%2Fwp%2Fv2%2Fcategories&post=14764"},{"taxonomy":"post_tag","embeddable":true,"href":"https:\/\/www.ecuadoraldia.com.ec\/index.php?rest_route=%2Fwp%2Fv2%2Ftags&post=14764"}],"curies":[{"name":"wp","href":"https:\/\/api.w.org\/{rel}","templated":true}]}}