{"id":14767,"date":"2017-04-28T15:16:03","date_gmt":"2017-04-28T20:16:03","guid":{"rendered":"http:\/\/www.ecuadoraldia.com.ec\/?p=14767"},"modified":"2017-04-28T15:16:03","modified_gmt":"2017-04-28T20:16:03","slug":"lista-la-transicion-del-nuevo-gobierno","status":"publish","type":"post","link":"https:\/\/www.ecuadoraldia.com.ec\/?p=14767","title":{"rendered":"Lista la Transici\u00f3n del nuevo gobierno"},"content":{"rendered":"<p><a href=\"http:\/\/www.ecuadoraldia.com.ec\/wp-content\/uploads\/2017\/04\/transicion-ecuador.jpg\"><img loading=\"lazy\" decoding=\"async\" class=\"alignleft size-medium wp-image-14768\" src=\"http:\/\/www.ecuadoraldia.com.ec\/wp-content\/uploads\/2017\/04\/transicion-ecuador-300x150.jpg\" alt=\"\" width=\"300\" height=\"150\" srcset=\"https:\/\/www.ecuadoraldia.com.ec\/wp-content\/uploads\/2017\/04\/transicion-ecuador-300x150.jpg 300w, https:\/\/www.ecuadoraldia.com.ec\/wp-content\/uploads\/2017\/04\/transicion-ecuador-768x384.jpg 768w, https:\/\/www.ecuadoraldia.com.ec\/wp-content\/uploads\/2017\/04\/transicion-ecuador-1024x512.jpg 1024w, https:\/\/www.ecuadoraldia.com.ec\/wp-content\/uploads\/2017\/04\/transicion-ecuador.jpg 1200w\" sizes=\"(max-width: 300px) 100vw, 300px\" \/><\/a>Este viernes 28 de abril, se realiz\u00f3 en la casa Presidencial el acto oficial de transici\u00f3n entre gobiernos del saliente mandatario Rafael Correa y el entrante Lenin Moreeno. Los dos pertenecen al movimiento Alianza Pa\u00eds, que ha estado en el poder por m\u00e1s de 10 a\u00f1os.<\/p>\n<p>Este viernes 28 de abril del 2017 se realiza la entrega formal de tres libros, dionde consta una recop\u00eclaci\u00f2n de la gesti\u00f2n de los 10 a\u00f1os del gobierno de la Revoluci\u00f3n Ciudadaana y que seguramente el suscesor de Correa, dar\u00e1 continuidad a muchos de los proyectos trazados durante los 10 a\u00f1os de Correa.<\/p>\n<p>Se habla de la situaci\u00f3n econ\u00f3mica, pol\u00edtica p\u00fablica, marco legal, planilla de talento humano, compromisos presidenciales entre otros, para que pueda trabajar el nuevo Gobierno. Sandra Naranjo (Senplades), Luisa Gonz\u00e1lez (SNAP) y Cristian Castillo (Secretaria Presidencia de la Rep\u00fablica) representan al Presidente Correa y Mar\u00eda Bel\u00e9n Moncayo, Eduardo Mangas y Fander Falcon\u00ed llegan por Moreno.<\/p>\n<p>Tras la firma del documento, este se remitir\u00e1 en las pr\u00f3ximas horas a la Asamblea nacional, puesto que en adelante la transici\u00f2n entre gobiernos ser\u00e0 una obligaci\u00f3n, sostuvo el saliente mandatario Rafael Correa.<\/p>\n<p>\u00abEntregamos un pais mejor y con muchos menos problemas que el que recibimos. La transici\u00f3n con el Gobierno del Dr. Alfredo Palacio fue armoniosa; nos ayudaron, trabajamos juntos, estuvo en el cambio de mando; sin embargo, no ten\u00edamos la institucionalidad que tenemos ahora \u00ab, ni los sistemas, ni el organigrama, ni los sistemas inform\u00e1ticos que hay ahora, expres\u00f3.<br \/>\nEs el resumen del Consejo Sectorial. En ellos se han levantado tres documentos para cada una de las 135 entidades de la Funci\u00f3n Ejecutiva, dijo Sandra Naranjo, secretaria nacional de Planificaci\u00f3n.<\/p>\n<p>Moreno se\u00f1al\u00f3 que el proceso de transici\u00f3n, resumido en los libros que se le entregaron les permitir\u00e1 llevar algunos logros. \u00abSe nos ha marcado una hoja de ruta, que sustancialmente no va a cambiar; pero claro, en m\u00e1s de una ocasi\u00f3n hemos manifestado que es importante que el estilo cambie, hay estilos para cada uno de los momentos de la historia\u00bb, enfatiz\u00f3.<\/p>\n","protected":false},"excerpt":{"rendered":"<p>Este viernes 28 de abril, se realiz\u00f3 en la casa Presidencial el acto oficial de transici\u00f3n entre gobiernos del saliente<\/p>\n","protected":false},"author":1,"featured_media":14768,"comment_status":"closed","ping_status":"closed","sticky":false,"template":"","format":"standard","meta":{"footnotes":""},"categories":[11],"tags":[],"_links":{"self":[{"href":"https:\/\/www.ecuadoraldia.com.ec\/index.php?rest_route=\/wp\/v2\/posts\/14767"}],"collection":[{"href":"https:\/\/www.ecuadoraldia.com.ec\/index.php?rest_route=\/wp\/v2\/posts"}],"about":[{"href":"https:\/\/www.ecuadoraldia.com.ec\/index.php?rest_route=\/wp\/v2\/types\/post"}],"author":[{"embeddable":true,"href":"https:\/\/www.ecuadoraldia.com.ec\/index.php?rest_route=\/wp\/v2\/users\/1"}],"replies":[{"embeddable":true,"href":"https:\/\/www.ecuadoraldia.com.ec\/index.php?rest_route=%2Fwp%2Fv2%2Fcomments&post=14767"}],"version-history":[{"count":1,"href":"https:\/\/www.ecuadoraldia.com.ec\/index.php?rest_route=\/wp\/v2\/posts\/14767\/revisions"}],"predecessor-version":[{"id":14769,"href":"https:\/\/www.ecuadoraldia.com.ec\/index.php?rest_route=\/wp\/v2\/posts\/14767\/revisions\/14769"}],"wp:featuredmedia":[{"embeddable":true,"href":"https:\/\/www.ecuadoraldia.com.ec\/index.php?rest_route=\/wp\/v2\/media\/14768"}],"wp:attachment":[{"href":"https:\/\/www.ecuadoraldia.com.ec\/index.php?rest_route=%2Fwp%2Fv2%2Fmedia&parent=14767"}],"wp:term":[{"taxonomy":"category","embeddable":true,"href":"https:\/\/www.ecuadoraldia.com.ec\/index.php?rest_route=%2Fwp%2Fv2%2Fcategories&post=14767"},{"taxonomy":"post_tag","embeddable":true,"href":"https:\/\/www.ecuadoraldia.com.ec\/index.php?rest_route=%2Fwp%2Fv2%2Ftags&post=14767"}],"curies":[{"name":"wp","href":"https:\/\/api.w.org\/{rel}","templated":true}]}}