{"id":14796,"date":"2017-05-05T10:42:39","date_gmt":"2017-05-05T15:42:39","guid":{"rendered":"http:\/\/www.ecuadoraldia.com.ec\/?p=14796"},"modified":"2017-05-05T10:42:39","modified_gmt":"2017-05-05T15:42:39","slug":"la-iglesia-pide-a-moreno-sanar-las-heridas-abiertas","status":"publish","type":"post","link":"https:\/\/www.ecuadoraldia.com.ec\/?p=14796","title":{"rendered":"La Iglesia pide a Moreno sanar las heridas abiertas"},"content":{"rendered":"<p><a href=\"http:\/\/www.ecuadoraldia.com.ec\/wp-content\/uploads\/2017\/05\/conferencia-episcopal-ecuatoriana.jpg\"><img loading=\"lazy\" decoding=\"async\" class=\"alignleft size-medium wp-image-14797\" src=\"http:\/\/www.ecuadoraldia.com.ec\/wp-content\/uploads\/2017\/05\/conferencia-episcopal-ecuatoriana-300x200.jpg\" alt=\"\" width=\"300\" height=\"200\" srcset=\"https:\/\/www.ecuadoraldia.com.ec\/wp-content\/uploads\/2017\/05\/conferencia-episcopal-ecuatoriana-300x200.jpg 300w, https:\/\/www.ecuadoraldia.com.ec\/wp-content\/uploads\/2017\/05\/conferencia-episcopal-ecuatoriana-768x512.jpg 768w, https:\/\/www.ecuadoraldia.com.ec\/wp-content\/uploads\/2017\/05\/conferencia-episcopal-ecuatoriana.jpg 1024w\" sizes=\"(max-width: 300px) 100vw, 300px\" \/><\/a>A trav\u00e9s de un comunicado de prensa, se inform\u00f3 que Len\u00edn Moreno se reuni\u00f3 ayer jueves 4 de mayo del 2017 con el nuevo presidente de la Conferencia Episcopal Ecuatoriana, Eugenio Arellano.<\/p>\n<p>Ah\u00ed estuvo, adem\u00e1s, monse\u00f1or Fausto Travez, quien termin\u00f3 su per\u00edodo al frente de la Iglesia Cat\u00f3lica en el pa\u00eds, el mes pasado.<br \/>\nEn un audio editado, difundido por el equipo de comunicaci\u00f3n de Moreno, el principal de la Iglesia se\u00f1ala que el Presidente electo tiene \u201cla fuerza para sanar heridas que se abrieron en los \u00faltimos tiempos, restaurar la uni\u00f3n\u201d. Asimismo, Arellano habla de \u201cno mirar m\u00e1s al pasado\u201d.<br \/>\nPide no fijarse en prejuicios y concentrarse en la realidad y en la esperanza por un futuro mejor. La cita se produce d\u00edas despu\u00e9s de que Arellano ofreciera una conferencia de prensa en la sede de la Conferencia Episcopal Ecuatoriana, en la que critic\u00f3 al Gobierno del presidente saliente, Rafael Correa.<\/p>\n","protected":false},"excerpt":{"rendered":"<p>A trav\u00e9s de un comunicado de prensa, se inform\u00f3 que Len\u00edn Moreno se reuni\u00f3 ayer jueves 4 de mayo del<\/p>\n","protected":false},"author":1,"featured_media":14797,"comment_status":"closed","ping_status":"closed","sticky":false,"template":"","format":"standard","meta":{"footnotes":""},"categories":[4],"tags":[],"_links":{"self":[{"href":"https:\/\/www.ecuadoraldia.com.ec\/index.php?rest_route=\/wp\/v2\/posts\/14796"}],"collection":[{"href":"https:\/\/www.ecuadoraldia.com.ec\/index.php?rest_route=\/wp\/v2\/posts"}],"about":[{"href":"https:\/\/www.ecuadoraldia.com.ec\/index.php?rest_route=\/wp\/v2\/types\/post"}],"author":[{"embeddable":true,"href":"https:\/\/www.ecuadoraldia.com.ec\/index.php?rest_route=\/wp\/v2\/users\/1"}],"replies":[{"embeddable":true,"href":"https:\/\/www.ecuadoraldia.com.ec\/index.php?rest_route=%2Fwp%2Fv2%2Fcomments&post=14796"}],"version-history":[{"count":1,"href":"https:\/\/www.ecuadoraldia.com.ec\/index.php?rest_route=\/wp\/v2\/posts\/14796\/revisions"}],"predecessor-version":[{"id":14798,"href":"https:\/\/www.ecuadoraldia.com.ec\/index.php?rest_route=\/wp\/v2\/posts\/14796\/revisions\/14798"}],"wp:featuredmedia":[{"embeddable":true,"href":"https:\/\/www.ecuadoraldia.com.ec\/index.php?rest_route=\/wp\/v2\/media\/14797"}],"wp:attachment":[{"href":"https:\/\/www.ecuadoraldia.com.ec\/index.php?rest_route=%2Fwp%2Fv2%2Fmedia&parent=14796"}],"wp:term":[{"taxonomy":"category","embeddable":true,"href":"https:\/\/www.ecuadoraldia.com.ec\/index.php?rest_route=%2Fwp%2Fv2%2Fcategories&post=14796"},{"taxonomy":"post_tag","embeddable":true,"href":"https:\/\/www.ecuadoraldia.com.ec\/index.php?rest_route=%2Fwp%2Fv2%2Ftags&post=14796"}],"curies":[{"name":"wp","href":"https:\/\/api.w.org\/{rel}","templated":true}]}}