{"id":14940,"date":"2017-05-31T11:08:42","date_gmt":"2017-05-31T16:08:42","guid":{"rendered":"http:\/\/www.ecuadoraldia.com.ec\/?p=14940"},"modified":"2017-05-31T11:08:42","modified_gmt":"2017-05-31T16:08:42","slug":"avion-de-malaysia-debio-regresar-a-su-aeropuerto-por-intento-de-secuestro","status":"publish","type":"post","link":"https:\/\/www.ecuadoraldia.com.ec\/?p=14940","title":{"rendered":"Avi\u00f3n de Malaysia debi\u00f3 regresar a su aeropuerto por intento de secuestro"},"content":{"rendered":"<p><a href=\"http:\/\/www.ecuadoraldia.com.ec\/wp-content\/uploads\/2017\/05\/3195247E00000578-3465519-A_Malaysia_Airlines_.jpg\"><img loading=\"lazy\" decoding=\"async\" class=\"alignleft size-medium wp-image-14942\" src=\"http:\/\/www.ecuadoraldia.com.ec\/wp-content\/uploads\/2017\/05\/3195247E00000578-3465519-A_Malaysia_Airlines_-300x201.jpg\" alt=\"\" width=\"300\" height=\"201\" srcset=\"https:\/\/www.ecuadoraldia.com.ec\/wp-content\/uploads\/2017\/05\/3195247E00000578-3465519-A_Malaysia_Airlines_-300x201.jpg 300w, https:\/\/www.ecuadoraldia.com.ec\/wp-content\/uploads\/2017\/05\/3195247E00000578-3465519-A_Malaysia_Airlines_.jpg 634w\" sizes=\"(max-width: 300px) 100vw, 300px\" \/><\/a>El vuelo MH128 de Malaysia Airlines, que cubr\u00eda la ruta entre Merlbourne, Australia, y Kuala Lumpur, en Malasia, debi\u00f3 regresar el mi\u00e9rcoles a poco de despegar por un incidente con un \u00abpasajero disruptivo\u00bb, seg\u00fan confirm\u00f3 un comunicado de la compa\u00f1\u00eda a\u00e9rea citado por medios regionales.<\/p>\n<p>El hecho fue revelado en un principio en la cuenta de Twitter de Brendan Grainger, que report\u00f3 el desv\u00edo del vuelo, confirmado luego por los sitios de monitoreo aeron\u00e1utico Flight Radar 24 y Flight Aware.<br \/>\nTiempo despu\u00e9s Malaysia Airlines emiti\u00f3 un comunicado en el que alega que el retorno se debi\u00f3 a un \u00abpasajero disruptivo\u00bb, seg\u00fan public\u00f3 el peri\u00f3dico de singapur The Straits Times.<\/p>\n<p>De acuerdo al relato oficial, el capit\u00e1n fue alertado por la tripulaci\u00f3n de que una persona intentaba entrar en la cabina y decidi\u00f3 volver al aeropuerto de Melbourne.<br \/>\nAl momento el aeropuerto de Melbourne, tambi\u00e9n conocido como Tullamarine, estaba cerrado por el operativo de seguridad, y los aviones eran desviados al cercano Avalon, seg\u00fan confirm\u00f3 la cadena 9 News.(Infobae).<\/p>\n","protected":false},"excerpt":{"rendered":"<p>El vuelo MH128 de Malaysia Airlines, que cubr\u00eda la ruta entre Merlbourne, Australia, y Kuala Lumpur, en Malasia, debi\u00f3 regresar<\/p>\n","protected":false},"author":1,"featured_media":14942,"comment_status":"closed","ping_status":"closed","sticky":false,"template":"","format":"standard","meta":{"footnotes":""},"categories":[7],"tags":[],"_links":{"self":[{"href":"https:\/\/www.ecuadoraldia.com.ec\/index.php?rest_route=\/wp\/v2\/posts\/14940"}],"collection":[{"href":"https:\/\/www.ecuadoraldia.com.ec\/index.php?rest_route=\/wp\/v2\/posts"}],"about":[{"href":"https:\/\/www.ecuadoraldia.com.ec\/index.php?rest_route=\/wp\/v2\/types\/post"}],"author":[{"embeddable":true,"href":"https:\/\/www.ecuadoraldia.com.ec\/index.php?rest_route=\/wp\/v2\/users\/1"}],"replies":[{"embeddable":true,"href":"https:\/\/www.ecuadoraldia.com.ec\/index.php?rest_route=%2Fwp%2Fv2%2Fcomments&post=14940"}],"version-history":[{"count":1,"href":"https:\/\/www.ecuadoraldia.com.ec\/index.php?rest_route=\/wp\/v2\/posts\/14940\/revisions"}],"predecessor-version":[{"id":14943,"href":"https:\/\/www.ecuadoraldia.com.ec\/index.php?rest_route=\/wp\/v2\/posts\/14940\/revisions\/14943"}],"wp:featuredmedia":[{"embeddable":true,"href":"https:\/\/www.ecuadoraldia.com.ec\/index.php?rest_route=\/wp\/v2\/media\/14942"}],"wp:attachment":[{"href":"https:\/\/www.ecuadoraldia.com.ec\/index.php?rest_route=%2Fwp%2Fv2%2Fmedia&parent=14940"}],"wp:term":[{"taxonomy":"category","embeddable":true,"href":"https:\/\/www.ecuadoraldia.com.ec\/index.php?rest_route=%2Fwp%2Fv2%2Fcategories&post=14940"},{"taxonomy":"post_tag","embeddable":true,"href":"https:\/\/www.ecuadoraldia.com.ec\/index.php?rest_route=%2Fwp%2Fv2%2Ftags&post=14940"}],"curies":[{"name":"wp","href":"https:\/\/api.w.org\/{rel}","templated":true}]}}