{"id":14978,"date":"2017-06-05T14:23:33","date_gmt":"2017-06-05T19:23:33","guid":{"rendered":"http:\/\/www.ecuadoraldia.com.ec\/?p=14978"},"modified":"2017-06-05T14:23:33","modified_gmt":"2017-06-05T19:23:33","slug":"carrera-atletica-en-beneficio-del-hogar-del-nino-san-vicente-de-paul","status":"publish","type":"post","link":"https:\/\/www.ecuadoraldia.com.ec\/?p=14978","title":{"rendered":"Carrera Atl\u00e9tica \u201c en beneficio del \u201cHogar del Ni\u00f1o \u201cSan Vicente de Pa\u00fal\u201d."},"content":{"rendered":"<p><strong><a href=\"http:\/\/www.ecuadoraldia.com.ec\/wp-content\/uploads\/2017\/06\/carrera.jpg\"><img loading=\"lazy\" decoding=\"async\" class=\"alignleft size-medium wp-image-14979\" src=\"http:\/\/www.ecuadoraldia.com.ec\/wp-content\/uploads\/2017\/06\/carrera-236x300.jpg\" alt=\"\" width=\"236\" height=\"300\" srcset=\"https:\/\/www.ecuadoraldia.com.ec\/wp-content\/uploads\/2017\/06\/carrera-236x300.jpg 236w, https:\/\/www.ecuadoraldia.com.ec\/wp-content\/uploads\/2017\/06\/carrera.jpg 550w\" sizes=\"(max-width: 236px) 100vw, 236px\" \/><\/a><\/strong>El s\u00e1bado 10 de junio de 2017 se realizar\u00e1 en el Parque Bicentenario, La carrera 3K \u201cCorre por tus ni\u00f1os\u201d, en beneficio de 70 ni\u00f1os en situaci\u00f3n de riesgo y abandono que necesitan vivir y crecer en un ambiente de afecto de la Fundaci\u00f3n sin fines de lucro \u201cHogar del Ni\u00f1o \u201cSan Vicente de Pa\u00fal\u201d.<\/p>\n<p>Esta es una instituci\u00f3n privada sin fines de lucro, fundada el 23 de Febrero de 1.876 y regentada por la Compa\u00f1\u00eda de las Hijas de la Caridad\u00bb, ubicada en la ciudad de Quito, Barrio Recoleta, Calle San Vicente de Pa\u00fal E2-185 y La Exposici\u00f3n, que trabaja de manera permanente en acoger a ni\u00f1as\/os que han sido abandonados y est\u00e1n expuestos a situaciones de violencia, para reparar las secuelas que la desprotecci\u00f3n y el abandono generan en un ni\u00f1o\/a o adolescente.<\/p>\n<p>Esta es una iniciativa del Grupo de J\u00f3venes Aletheia realizado de manera voluntaria en conjunto con la el Hogar de ni\u00f1os, con la \u00fanica convicci\u00f3n de cambiar vidas a trav\u00e9s de servicio social, entrega y amor a los dem\u00e1s.<\/p>\n<p>La carrera que tiene como objetivo conseguir los recursos necesarios para satisfacer las necesidades b\u00e1sicas y prioritarias de 70 ni\u00f1os y adolescentes en situaci\u00f3n de riesgo y abandono. Estos son: Cortadora de C\u00e9sped semi-industrial, pintura para paredes, cer\u00e1mica para piedra de lavar y tapa de desfogue, ollas gruesas, 4 calefactores grandes, pintura y dise\u00f1os para la sala de juegos, juguetes con m\u00fasica, 2 sillas balanceadoras para beb\u00e9s, salas ni\u00f1os 3-5 a\u00f1os, materiales l\u00fadicos, pintura, piscinas inflables, computadoras, tableros de b\u00e1squet, malla para arco, Mantenimiento de juegos (columpios), entre otros.<\/p>\n<p>El punto de encuentro ser\u00e1 a la altura de la entrada del Parque Bicentenario de la Av. Amazonas, a las 9:00 de la ma\u00f1ana, la inscripci\u00f3n tiene un costo de $10 d\u00f3lares y puede ser realizada a trav\u00e9s de una trasferencia bancaria a la cuenta de ahorros\u00a0<a href=\"tel:(507)%20363-6000\">5073636000<\/a>\u00a0del banco Pichincha, a nombre de Jaime Vinicio Salinas Crespo, con cedula de identidad 1803611829, y una confirmaci\u00f3n de la transferencia a:\u00a0<a href=\"mailto:jvsc2003@yahoo.es\">jvsc2003@yahoo.es<\/a><em> .<\/em>O en el punto de inscripci\u00f3n ubicado en el Comercial M &amp; J, Av. 10 de agosto N22- 84 y Ram\u00edrez D\u00e1valos.<\/p>\n<p>Para mayor informaci\u00f3n: 098 837 0378 \/ 0980851169 \/ 0984565114<\/p>\n","protected":false},"excerpt":{"rendered":"<p>El s\u00e1bado 10 de junio de 2017 se realizar\u00e1 en el Parque Bicentenario, La carrera 3K \u201cCorre por tus ni\u00f1os\u201d,<\/p>\n","protected":false},"author":1,"featured_media":14979,"comment_status":"closed","ping_status":"closed","sticky":false,"template":"","format":"standard","meta":{"footnotes":""},"categories":[10],"tags":[],"_links":{"self":[{"href":"https:\/\/www.ecuadoraldia.com.ec\/index.php?rest_route=\/wp\/v2\/posts\/14978"}],"collection":[{"href":"https:\/\/www.ecuadoraldia.com.ec\/index.php?rest_route=\/wp\/v2\/posts"}],"about":[{"href":"https:\/\/www.ecuadoraldia.com.ec\/index.php?rest_route=\/wp\/v2\/types\/post"}],"author":[{"embeddable":true,"href":"https:\/\/www.ecuadoraldia.com.ec\/index.php?rest_route=\/wp\/v2\/users\/1"}],"replies":[{"embeddable":true,"href":"https:\/\/www.ecuadoraldia.com.ec\/index.php?rest_route=%2Fwp%2Fv2%2Fcomments&post=14978"}],"version-history":[{"count":1,"href":"https:\/\/www.ecuadoraldia.com.ec\/index.php?rest_route=\/wp\/v2\/posts\/14978\/revisions"}],"predecessor-version":[{"id":14980,"href":"https:\/\/www.ecuadoraldia.com.ec\/index.php?rest_route=\/wp\/v2\/posts\/14978\/revisions\/14980"}],"wp:featuredmedia":[{"embeddable":true,"href":"https:\/\/www.ecuadoraldia.com.ec\/index.php?rest_route=\/wp\/v2\/media\/14979"}],"wp:attachment":[{"href":"https:\/\/www.ecuadoraldia.com.ec\/index.php?rest_route=%2Fwp%2Fv2%2Fmedia&parent=14978"}],"wp:term":[{"taxonomy":"category","embeddable":true,"href":"https:\/\/www.ecuadoraldia.com.ec\/index.php?rest_route=%2Fwp%2Fv2%2Fcategories&post=14978"},{"taxonomy":"post_tag","embeddable":true,"href":"https:\/\/www.ecuadoraldia.com.ec\/index.php?rest_route=%2Fwp%2Fv2%2Ftags&post=14978"}],"curies":[{"name":"wp","href":"https:\/\/api.w.org\/{rel}","templated":true}]}}