{"id":14981,"date":"2017-06-05T15:32:41","date_gmt":"2017-06-05T20:32:41","guid":{"rendered":"http:\/\/www.ecuadoraldia.com.ec\/?p=14981"},"modified":"2017-06-05T15:32:41","modified_gmt":"2017-06-05T20:32:41","slug":"el-gobierno-creo-oficialmente-la-estrategia-nacional-contra-la-corrupcion","status":"publish","type":"post","link":"https:\/\/www.ecuadoraldia.com.ec\/?p=14981","title":{"rendered":"El Gobierno cre\u00f3 oficialmente la Estrategia Nacional contra la Corrupci\u00f3n"},"content":{"rendered":"<p><a href=\"http:\/\/www.ecuadoraldia.com.ec\/wp-content\/uploads\/2017\/06\/5935ae7c6c520.jpeg\"><img loading=\"lazy\" decoding=\"async\" class=\"alignleft size-medium wp-image-14982\" src=\"http:\/\/www.ecuadoraldia.com.ec\/wp-content\/uploads\/2017\/06\/5935ae7c6c520-300x167.jpeg\" alt=\"\" width=\"300\" height=\"167\" srcset=\"https:\/\/www.ecuadoraldia.com.ec\/wp-content\/uploads\/2017\/06\/5935ae7c6c520-300x167.jpeg 300w, https:\/\/www.ecuadoraldia.com.ec\/wp-content\/uploads\/2017\/06\/5935ae7c6c520.jpeg 612w\" sizes=\"(max-width: 300px) 100vw, 300px\" \/><\/a>El Presidenete de la Rep\u00fablica Lenin Moreno, cre\u00f3 oficialmente la Estrategia Nacional contra la Corrupci\u00f3n. Este plan que busca erradicar la corrupci\u00f3n en el pa\u00eds con l ayuda de la ONU.<\/p>\n<p>Los objetivos conformar el Frente de transparencia y lucha contra la corrupci\u00f3n con la participaci\u00f3n de la sociedad civil y el Estado se basa en lo dispuesto por la Constituci\u00f3n respecto de los derechos de participaci\u00f3n.<br \/>\nEl frente contar\u00e1 con autonom\u00eda y facultad para solicitar informaci\u00f3n p\u00fablica a las instituciones p\u00fablicas, indica el Decreto ejecutivo suscrito este lunes 5 de junio de 2017 en carondelt.<br \/>\nEntre las competencias del frente estar\u00e1 la evaluaci\u00f3n y retroalimentaci\u00f3n de los mecanismos para la aplicaci\u00f3n de la convenci\u00f3n de la naciones unidas contra la corrupci\u00f3n.<br \/>\nTambi\u00e9n est\u00e1 el establecimiento de los mecanismos para la coordinaci\u00f3n de las acciones de transparencia y lucha contra la corrupci\u00f3n con los organismos pertenecientes a la Funci\u00f3n de Transparencia y Control Social. Proponer estrategias y normativas para mejorar la transparencia en la gesti\u00f3n del servicio p\u00fablico.<br \/>\nAh\u00ed se design\u00f3 como miembros del Frente a Xavier Zavala Egas, quien ser\u00e1 coordinador del grupo, a Pablo D\u00e1vila, Carlos Rabascall, Tatiana Hidrobo, Pablo Vanegas, Larissa Marangoni, Mar\u00eda Fernanda Espinoza, Rosana Alvarado y Andr\u00e9s Mideros. Mar\u00eda Fernanda Espinosa viajar\u00e1 esta noche a Nueva York, en Estados Unidos. La funcionaria plantea entrevistarse el mi\u00e9rcoles con el secretario general de la Organizaci\u00f3n de Naciones Unidas, Antonio Guterrez para obtener la cooperaci\u00f3n internacional para combatir la corrupci\u00f3n.<\/p>\n","protected":false},"excerpt":{"rendered":"<p>El Presidenete de la Rep\u00fablica Lenin Moreno, cre\u00f3 oficialmente la Estrategia Nacional contra la Corrupci\u00f3n. Este plan que busca erradicar<\/p>\n","protected":false},"author":1,"featured_media":14982,"comment_status":"closed","ping_status":"closed","sticky":false,"template":"","format":"standard","meta":{"footnotes":""},"categories":[1],"tags":[],"_links":{"self":[{"href":"https:\/\/www.ecuadoraldia.com.ec\/index.php?rest_route=\/wp\/v2\/posts\/14981"}],"collection":[{"href":"https:\/\/www.ecuadoraldia.com.ec\/index.php?rest_route=\/wp\/v2\/posts"}],"about":[{"href":"https:\/\/www.ecuadoraldia.com.ec\/index.php?rest_route=\/wp\/v2\/types\/post"}],"author":[{"embeddable":true,"href":"https:\/\/www.ecuadoraldia.com.ec\/index.php?rest_route=\/wp\/v2\/users\/1"}],"replies":[{"embeddable":true,"href":"https:\/\/www.ecuadoraldia.com.ec\/index.php?rest_route=%2Fwp%2Fv2%2Fcomments&post=14981"}],"version-history":[{"count":2,"href":"https:\/\/www.ecuadoraldia.com.ec\/index.php?rest_route=\/wp\/v2\/posts\/14981\/revisions"}],"predecessor-version":[{"id":14984,"href":"https:\/\/www.ecuadoraldia.com.ec\/index.php?rest_route=\/wp\/v2\/posts\/14981\/revisions\/14984"}],"wp:featuredmedia":[{"embeddable":true,"href":"https:\/\/www.ecuadoraldia.com.ec\/index.php?rest_route=\/wp\/v2\/media\/14982"}],"wp:attachment":[{"href":"https:\/\/www.ecuadoraldia.com.ec\/index.php?rest_route=%2Fwp%2Fv2%2Fmedia&parent=14981"}],"wp:term":[{"taxonomy":"category","embeddable":true,"href":"https:\/\/www.ecuadoraldia.com.ec\/index.php?rest_route=%2Fwp%2Fv2%2Fcategories&post=14981"},{"taxonomy":"post_tag","embeddable":true,"href":"https:\/\/www.ecuadoraldia.com.ec\/index.php?rest_route=%2Fwp%2Fv2%2Ftags&post=14981"}],"curies":[{"name":"wp","href":"https:\/\/api.w.org\/{rel}","templated":true}]}}