{"id":14986,"date":"2017-06-06T16:21:11","date_gmt":"2017-06-06T21:21:11","guid":{"rendered":"http:\/\/www.ecuadoraldia.com.ec\/?p=14986"},"modified":"2017-06-06T16:36:10","modified_gmt":"2017-06-06T21:36:10","slug":"14986","status":"publish","type":"post","link":"https:\/\/www.ecuadoraldia.com.ec\/?p=14986","title":{"rendered":"84 A\u00d1OS CELEBRA EL HOSPITAL EMBLEMATICO"},"content":{"rendered":"<p><strong><a href=\"http:\/\/www.ecuadoraldia.com.ec\/wp-content\/uploads\/2017\/06\/Lenin_Mantilla_HEEE.jpg\"><img loading=\"lazy\" decoding=\"async\" class=\"alignleft size-medium wp-image-14987\" src=\"http:\/\/www.ecuadoraldia.com.ec\/wp-content\/uploads\/2017\/06\/Lenin_Mantilla_HEEE-300x168.jpg\" alt=\"\" width=\"300\" height=\"168\" srcset=\"https:\/\/www.ecuadoraldia.com.ec\/wp-content\/uploads\/2017\/06\/Lenin_Mantilla_HEEE-300x168.jpg 300w, https:\/\/www.ecuadoraldia.com.ec\/wp-content\/uploads\/2017\/06\/Lenin_Mantilla_HEEE.jpg 660w\" sizes=\"(max-width: 300px) 100vw, 300px\" \/><\/a>\u00a0<\/strong>El Hospital de Especialidades Eugenio Espejo (HEEE) ha realizado una Sesi\u00f3n Solemne en conmemoraci\u00f3n a sus 84 a\u00f1os de vida institucional y al servicio de la Salud de todos los ecuatorianos.<br \/>\n\u201cHace 84 a\u00f1os el HEEE abri\u00f3 sus puertas para nunca m\u00e1s cerrarlas\u201d, ha dicho Lenin Mantilla, gerente hospitalario del HEEE. En este sentido, ha se\u00f1alado que actualmente la casa de salud cuenta con los m\u00e1s altos est\u00e1ndares de calidad, calidez y seguridad en sus pr\u00e1cticas m\u00e9dicas.<\/p>\n<p>Seg\u00fan ha indicado, el HEEE es el hospital \u201cm\u00e1s emblem\u00e1tico del Sistema P\u00fablico de Salud\u201d y cuenta con la acreditaci\u00f3n internacional tipo oro otorgada por la organizaci\u00f3n Acreditaci\u00f3n Canad\u00e1 International (ACI).<a href=\"http:\/\/www.ecuadoraldia.com.ec\/wp-content\/uploads\/2017\/06\/MG_2269.jpg\"><img loading=\"lazy\" decoding=\"async\" class=\"alignleft size-medium wp-image-14992\" src=\"http:\/\/www.ecuadoraldia.com.ec\/wp-content\/uploads\/2017\/06\/MG_2269-300x200.jpg\" alt=\"\" width=\"300\" height=\"200\" srcset=\"https:\/\/www.ecuadoraldia.com.ec\/wp-content\/uploads\/2017\/06\/MG_2269-300x200.jpg 300w, https:\/\/www.ecuadoraldia.com.ec\/wp-content\/uploads\/2017\/06\/MG_2269-768x512.jpg 768w, https:\/\/www.ecuadoraldia.com.ec\/wp-content\/uploads\/2017\/06\/MG_2269-1024x683.jpg 1024w\" sizes=\"(max-width: 300px) 100vw, 300px\" \/><\/a><br \/>\nMantilla ha explicado que el HEEE se ha posicionado a nivel nacional e internacional como un hospital de tercer nivel referencia en alta complejidad gracias a los cambios y a los logros que se han alcanzado.<\/p>\n<p style=\"padding-left: 30px;\">\u201cEste es el \u00fanico hospital de especialidades de Hispano Am\u00e9rica con acreditaci\u00f3n internacional de calidad\u201d, ha dicho Soledad Buend\u00eda, asamble\u00edsta, quien entreg\u00f3 un reconocimiento al HEEE en nombre de la Asamblea Nacional.<br \/>\n\u201cGracias a todos quienes hacen el HEEE,\u00a0han hecho de este hospital una casa de salud de prestigio\u201d, ha subrayado.<br \/>\nDe su parte, Patricio Ubidia, concejal del Municipio de Quito, ha entregado la Menci\u00f3n de Honor \u2018Marieta de Veintimilla\u2019 por los servicios relevantes que brinda el HEEE en la ciudad de Quito.<a href=\"http:\/\/www.ecuadoraldia.com.ec\/wp-content\/uploads\/2017\/06\/MG_2211.jpg\"><img loading=\"lazy\" decoding=\"async\" class=\"size-medium wp-image-14988 alignnone\" src=\"http:\/\/www.ecuadoraldia.com.ec\/wp-content\/uploads\/2017\/06\/MG_2211-300x200.jpg\" alt=\"\" width=\"300\" height=\"200\" srcset=\"https:\/\/www.ecuadoraldia.com.ec\/wp-content\/uploads\/2017\/06\/MG_2211-300x200.jpg 300w, https:\/\/www.ecuadoraldia.com.ec\/wp-content\/uploads\/2017\/06\/MG_2211-768x512.jpg 768w, https:\/\/www.ecuadoraldia.com.ec\/wp-content\/uploads\/2017\/06\/MG_2211-1024x683.jpg 1024w\" sizes=\"(max-width: 300px) 100vw, 300px\" \/><\/a><br \/>\n<strong>Repotenciaci\u00f3n<\/strong><br \/>\nEl HEEE se ha repotenciado \u00edntegramente en cuanto a infraestructura, equipamiento y mantenimiento. Como parte de este proceso, se han incluido \u00e1reas completamente nuevas como Consulta Externa, Emergencia con el centro de referencia nacional de trauma, entre otras; se\u00a0 han implementado procesos, protocolos y est\u00e1ndares de calidad; y se ha reestructurado la cartera de servicios de cada una de las especialidades, las cuales se han organizado de acuerdo a la necesidad del sistema de salud.<\/p>\n<p>\u201cLa repotenciaci\u00f3n que se ha llevado a cabo este hospital ha sido un hito en la salud del Ecuador\u201d, ha enfatizado Carmen Guerrero, coordinadora de la Zona 9 de Salud.<\/p>\n","protected":false},"excerpt":{"rendered":"<p>\u00a0El Hospital de Especialidades Eugenio Espejo (HEEE) ha realizado una Sesi\u00f3n Solemne en conmemoraci\u00f3n a sus 84 a\u00f1os de vida<\/p>\n","protected":false},"author":1,"featured_media":14992,"comment_status":"closed","ping_status":"closed","sticky":false,"template":"","format":"standard","meta":{"footnotes":""},"categories":[1],"tags":[],"_links":{"self":[{"href":"https:\/\/www.ecuadoraldia.com.ec\/index.php?rest_route=\/wp\/v2\/posts\/14986"}],"collection":[{"href":"https:\/\/www.ecuadoraldia.com.ec\/index.php?rest_route=\/wp\/v2\/posts"}],"about":[{"href":"https:\/\/www.ecuadoraldia.com.ec\/index.php?rest_route=\/wp\/v2\/types\/post"}],"author":[{"embeddable":true,"href":"https:\/\/www.ecuadoraldia.com.ec\/index.php?rest_route=\/wp\/v2\/users\/1"}],"replies":[{"embeddable":true,"href":"https:\/\/www.ecuadoraldia.com.ec\/index.php?rest_route=%2Fwp%2Fv2%2Fcomments&post=14986"}],"version-history":[{"count":4,"href":"https:\/\/www.ecuadoraldia.com.ec\/index.php?rest_route=\/wp\/v2\/posts\/14986\/revisions"}],"predecessor-version":[{"id":14993,"href":"https:\/\/www.ecuadoraldia.com.ec\/index.php?rest_route=\/wp\/v2\/posts\/14986\/revisions\/14993"}],"wp:featuredmedia":[{"embeddable":true,"href":"https:\/\/www.ecuadoraldia.com.ec\/index.php?rest_route=\/wp\/v2\/media\/14992"}],"wp:attachment":[{"href":"https:\/\/www.ecuadoraldia.com.ec\/index.php?rest_route=%2Fwp%2Fv2%2Fmedia&parent=14986"}],"wp:term":[{"taxonomy":"category","embeddable":true,"href":"https:\/\/www.ecuadoraldia.com.ec\/index.php?rest_route=%2Fwp%2Fv2%2Fcategories&post=14986"},{"taxonomy":"post_tag","embeddable":true,"href":"https:\/\/www.ecuadoraldia.com.ec\/index.php?rest_route=%2Fwp%2Fv2%2Ftags&post=14986"}],"curies":[{"name":"wp","href":"https:\/\/api.w.org\/{rel}","templated":true}]}}