{"id":14994,"date":"2017-06-06T16:50:46","date_gmt":"2017-06-06T21:50:46","guid":{"rendered":"http:\/\/www.ecuadoraldia.com.ec\/?p=14994"},"modified":"2017-06-06T16:50:46","modified_gmt":"2017-06-06T21:50:46","slug":"sindicato-16-de-enero-de-la-salud-entrego-presea-al-merito-laboral","status":"publish","type":"post","link":"https:\/\/www.ecuadoraldia.com.ec\/?p=14994","title":{"rendered":"SINDICATO 16 DE ENERO DE LA SALUD  ENTREGO PRESEA AL MERITO LABORAL"},"content":{"rendered":"<p>Seg\u00fan resoluci\u00f3n del Comit\u00e9 Ejecutivo del Sindicato del sector de la\u00a0 salud\u00a0 16 de Enero resolvieron entregar la presea\u00a0 Eugenio Espejo al \u00a0m\u00e9rito \u00a0laboral al Gerente de nuestra Casa de Salud Dr. Lenin Mantilla, por su pol\u00edtica de puertas abiertas y por el dialogo constante y respeto a los derechos de los trabajadores.<a href=\"http:\/\/www.ecuadoraldia.com.ec\/wp-content\/uploads\/2017\/06\/MG_2321.jpg\"><img loading=\"lazy\" decoding=\"async\" class=\"alignleft size-medium wp-image-14996\" src=\"http:\/\/www.ecuadoraldia.com.ec\/wp-content\/uploads\/2017\/06\/MG_2321-300x200.jpg\" alt=\"\" width=\"300\" height=\"200\" srcset=\"https:\/\/www.ecuadoraldia.com.ec\/wp-content\/uploads\/2017\/06\/MG_2321-300x200.jpg 300w, https:\/\/www.ecuadoraldia.com.ec\/wp-content\/uploads\/2017\/06\/MG_2321-768x512.jpg 768w, https:\/\/www.ecuadoraldia.com.ec\/wp-content\/uploads\/2017\/06\/MG_2321-1024x683.jpg 1024w\" sizes=\"(max-width: 300px) 100vw, 300px\" \/><\/a><\/p>\n<p>Janeth Chaluisa Secretaria General del Sindicato expres\u00f3 que pertenecer a la familia Eugenio Espejo\u00a0 es un gran privilegio,\u00a0 en donde cada segundo y\u00a0 minuto cuentan para salvar vidas, nuestro compromiso con las autoridades y como \u00a0trabajadores es fortalece el sistema de salud p\u00fablico.<a href=\"http:\/\/www.ecuadoraldia.com.ec\/wp-content\/uploads\/2017\/06\/MG_2329.jpg\"><img loading=\"lazy\" decoding=\"async\" class=\"alignleft size-medium wp-image-14997\" src=\"http:\/\/www.ecuadoraldia.com.ec\/wp-content\/uploads\/2017\/06\/MG_2329-300x200.jpg\" alt=\"\" width=\"300\" height=\"200\" srcset=\"https:\/\/www.ecuadoraldia.com.ec\/wp-content\/uploads\/2017\/06\/MG_2329-300x200.jpg 300w, https:\/\/www.ecuadoraldia.com.ec\/wp-content\/uploads\/2017\/06\/MG_2329-768x512.jpg 768w, https:\/\/www.ecuadoraldia.com.ec\/wp-content\/uploads\/2017\/06\/MG_2329-1024x683.jpg 1024w\" sizes=\"(max-width: 300px) 100vw, 300px\" \/><\/a><\/p>\n","protected":false},"excerpt":{"rendered":"<p>Seg\u00fan resoluci\u00f3n del Comit\u00e9 Ejecutivo del Sindicato del sector de la\u00a0 salud\u00a0 16 de Enero resolvieron entregar la presea\u00a0 Eugenio<\/p>\n","protected":false},"author":1,"featured_media":14996,"comment_status":"closed","ping_status":"closed","sticky":false,"template":"","format":"standard","meta":{"footnotes":""},"categories":[1],"tags":[],"_links":{"self":[{"href":"https:\/\/www.ecuadoraldia.com.ec\/index.php?rest_route=\/wp\/v2\/posts\/14994"}],"collection":[{"href":"https:\/\/www.ecuadoraldia.com.ec\/index.php?rest_route=\/wp\/v2\/posts"}],"about":[{"href":"https:\/\/www.ecuadoraldia.com.ec\/index.php?rest_route=\/wp\/v2\/types\/post"}],"author":[{"embeddable":true,"href":"https:\/\/www.ecuadoraldia.com.ec\/index.php?rest_route=\/wp\/v2\/users\/1"}],"replies":[{"embeddable":true,"href":"https:\/\/www.ecuadoraldia.com.ec\/index.php?rest_route=%2Fwp%2Fv2%2Fcomments&post=14994"}],"version-history":[{"count":1,"href":"https:\/\/www.ecuadoraldia.com.ec\/index.php?rest_route=\/wp\/v2\/posts\/14994\/revisions"}],"predecessor-version":[{"id":14998,"href":"https:\/\/www.ecuadoraldia.com.ec\/index.php?rest_route=\/wp\/v2\/posts\/14994\/revisions\/14998"}],"wp:featuredmedia":[{"embeddable":true,"href":"https:\/\/www.ecuadoraldia.com.ec\/index.php?rest_route=\/wp\/v2\/media\/14996"}],"wp:attachment":[{"href":"https:\/\/www.ecuadoraldia.com.ec\/index.php?rest_route=%2Fwp%2Fv2%2Fmedia&parent=14994"}],"wp:term":[{"taxonomy":"category","embeddable":true,"href":"https:\/\/www.ecuadoraldia.com.ec\/index.php?rest_route=%2Fwp%2Fv2%2Fcategories&post=14994"},{"taxonomy":"post_tag","embeddable":true,"href":"https:\/\/www.ecuadoraldia.com.ec\/index.php?rest_route=%2Fwp%2Fv2%2Ftags&post=14994"}],"curies":[{"name":"wp","href":"https:\/\/api.w.org\/{rel}","templated":true}]}}