{"id":14999,"date":"2017-06-07T10:43:14","date_gmt":"2017-06-07T15:43:14","guid":{"rendered":"http:\/\/www.ecuadoraldia.com.ec\/?p=14999"},"modified":"2017-06-07T10:43:14","modified_gmt":"2017-06-07T15:43:14","slug":"en-birmania-un-avion-militar-desaparece-con-116-personas-a-bordo","status":"publish","type":"post","link":"https:\/\/www.ecuadoraldia.com.ec\/?p=14999","title":{"rendered":"En Birmania un Avi\u00f3n militar desaparece con 116 personas a bordo"},"content":{"rendered":"<p><a href=\"http:\/\/www.ecuadoraldia.com.ec\/wp-content\/uploads\/2017\/06\/Desaparece-militar-personas-sureste-Birmania_.jpg\"><img loading=\"lazy\" decoding=\"async\" class=\"alignleft size-medium wp-image-15000\" src=\"http:\/\/www.ecuadoraldia.com.ec\/wp-content\/uploads\/2017\/06\/Desaparece-militar-personas-sureste-Birmania_-300x169.jpg\" alt=\"\" width=\"300\" height=\"169\" srcset=\"https:\/\/www.ecuadoraldia.com.ec\/wp-content\/uploads\/2017\/06\/Desaparece-militar-personas-sureste-Birmania_-300x169.jpg 300w, https:\/\/www.ecuadoraldia.com.ec\/wp-content\/uploads\/2017\/06\/Desaparece-militar-personas-sureste-Birmania_.jpg 667w\" sizes=\"(max-width: 300px) 100vw, 300px\" \/><\/a>AFP. Mi\u00e9rcoles, 7 de junio, 2017. Avi\u00f3n militar desaparece en Birmania con 116 personas a bordo AMPLIAR<\/p>\n<p>Un avi\u00f3n militar birmano con 116 personas a bordo desapareci\u00f3 este mi\u00e9rcoles cuando volaba entre la ciudad de Myeik, en el sur del pa\u00eds, y Rang\u00fan, la capital, indicaron el ej\u00e9rcito y una fuente del aeropuerto.<br \/>\nBirmania &#8211;<br \/>\nUn avi\u00f3n militar birmano con 116 personas a bordo desapareci\u00f3 este mi\u00e9rcoles cuando volaba entre la ciudad de Myeik, en el sur del pa\u00eds, y Rang\u00fan, la capital, indicaron el ej\u00e9rcito y una fuente del aeropuerto.<\/p>\n<p>\u00abLa comunicaci\u00f3n se perdi\u00f3 de pronto hacia las 13:35 [07:05 GMT] cuando estaba a 20 millas al este de la ciudad de Dawei\u00bb, dijo la oficina del comandante en jefe en un comunicado.<\/p>\n<p>Seg\u00fan una fuente del aeropuerto que no quiso ser identificada en el avi\u00f3n hab\u00eda 105 pasajeros y 11 tripulantes.<\/p>\n<p>El contacto con el avi\u00f3n se perdi\u00f3 cuando sobrevolaba la regi\u00f3n de Dawei, en el sureste de Birmania, al borde del mar de Andam\u00e1n.<\/p>\n<p>El aparato hab\u00eda despegado poco antes de la ciudad de Myeik, en el sur de Birmania, y deb\u00eda aterrizar en Rang\u00fan, la capital econ\u00f3mica del pa\u00eds.<\/p>\n<p>\u00abSe llevan a cabo operaciones de b\u00fasqueda y rescate con el apoyo de aviones y nav\u00edos militares\u00bb, agreg\u00f3 la jefatura de las Fuerzas Armadas. (I).<\/p>\n<p><a href=\"http:\/\/www.ecuadoraldia.com.ec\/wp-content\/uploads\/2017\/06\/birmania.jpg\"><img loading=\"lazy\" decoding=\"async\" class=\"alignleft size-medium wp-image-15001\" src=\"http:\/\/www.ecuadoraldia.com.ec\/wp-content\/uploads\/2017\/06\/birmania-181x300.jpg\" alt=\"\" width=\"181\" height=\"300\" srcset=\"https:\/\/www.ecuadoraldia.com.ec\/wp-content\/uploads\/2017\/06\/birmania-181x300.jpg 181w, https:\/\/www.ecuadoraldia.com.ec\/wp-content\/uploads\/2017\/06\/birmania.jpg 272w\" sizes=\"(max-width: 181px) 100vw, 181px\" \/><\/a><\/p>\n","protected":false},"excerpt":{"rendered":"<p>AFP. Mi\u00e9rcoles, 7 de junio, 2017. Avi\u00f3n militar desaparece en Birmania con 116 personas a bordo AMPLIAR Un avi\u00f3n militar<\/p>\n","protected":false},"author":1,"featured_media":15000,"comment_status":"closed","ping_status":"closed","sticky":false,"template":"","format":"standard","meta":{"footnotes":""},"categories":[7],"tags":[],"_links":{"self":[{"href":"https:\/\/www.ecuadoraldia.com.ec\/index.php?rest_route=\/wp\/v2\/posts\/14999"}],"collection":[{"href":"https:\/\/www.ecuadoraldia.com.ec\/index.php?rest_route=\/wp\/v2\/posts"}],"about":[{"href":"https:\/\/www.ecuadoraldia.com.ec\/index.php?rest_route=\/wp\/v2\/types\/post"}],"author":[{"embeddable":true,"href":"https:\/\/www.ecuadoraldia.com.ec\/index.php?rest_route=\/wp\/v2\/users\/1"}],"replies":[{"embeddable":true,"href":"https:\/\/www.ecuadoraldia.com.ec\/index.php?rest_route=%2Fwp%2Fv2%2Fcomments&post=14999"}],"version-history":[{"count":1,"href":"https:\/\/www.ecuadoraldia.com.ec\/index.php?rest_route=\/wp\/v2\/posts\/14999\/revisions"}],"predecessor-version":[{"id":15002,"href":"https:\/\/www.ecuadoraldia.com.ec\/index.php?rest_route=\/wp\/v2\/posts\/14999\/revisions\/15002"}],"wp:featuredmedia":[{"embeddable":true,"href":"https:\/\/www.ecuadoraldia.com.ec\/index.php?rest_route=\/wp\/v2\/media\/15000"}],"wp:attachment":[{"href":"https:\/\/www.ecuadoraldia.com.ec\/index.php?rest_route=%2Fwp%2Fv2%2Fmedia&parent=14999"}],"wp:term":[{"taxonomy":"category","embeddable":true,"href":"https:\/\/www.ecuadoraldia.com.ec\/index.php?rest_route=%2Fwp%2Fv2%2Fcategories&post=14999"},{"taxonomy":"post_tag","embeddable":true,"href":"https:\/\/www.ecuadoraldia.com.ec\/index.php?rest_route=%2Fwp%2Fv2%2Ftags&post=14999"}],"curies":[{"name":"wp","href":"https:\/\/api.w.org\/{rel}","templated":true}]}}