{"id":1500,"date":"2014-02-27T00:37:00","date_gmt":"2014-02-27T00:37:00","guid":{"rendered":"http:\/\/www.ecuadoraldia.com.ec\/?p=1500"},"modified":"2014-02-27T00:37:00","modified_gmt":"2014-02-27T00:37:00","slug":"cinco-cantones-de-guayas-esperan-nuevas-elecciones","status":"publish","type":"post","link":"https:\/\/www.ecuadoraldia.com.ec\/?p=1500","title":{"rendered":"Cinco cantones de Guayas esperan nuevas elecciones"},"content":{"rendered":"<p><a href=\"http:\/\/www.ecuadoraldia.com.ec\/wp-content\/uploads\/2014\/02\/cne-no-re.jpg\"><img loading=\"lazy\" decoding=\"async\" src=\"http:\/\/www.ecuadoraldia.com.ec\/wp-content\/uploads\/2014\/02\/cne-no-re-300x225.jpg\" alt=\"cne no re\" width=\"300\" height=\"225\" class=\"alignleft size-medium wp-image-1501\" srcset=\"https:\/\/www.ecuadoraldia.com.ec\/wp-content\/uploads\/2014\/02\/cne-no-re-300x225.jpg 300w, https:\/\/www.ecuadoraldia.com.ec\/wp-content\/uploads\/2014\/02\/cne-no-re.jpg 400w\" sizes=\"(max-width: 300px) 100vw, 300px\" \/><\/a>El consejo Nacional Electoral (CNE) deber\u00e1 determinar dentro de los pr\u00f3ximos 10 d\u00edas si convoca o no a nuevas elecciones en los cantones Lomas de Sargentillo, Pedro Carbo, Yaguachi, Jujan y General Villamil (Playas), de la provincia del Guayas, en donde se han denunciado ataques a las juntas receptoras del voto, destrucci\u00f3n de urnas y enfrentamientos entre ciudadanos y polic\u00edas al t\u00e9rmino del proceso electoral del domingo anterior. <\/p>\n<p>Los actos de violencia ocasionaron la detenci\u00f3n de seis personas, las que fueron acusadas por la delegaci\u00f3n del CNE del Guayas ante la Fiscal\u00eda. Las grabaciones de video de las c\u00e1maras del Ecu 911 ayudaron a la identificaci\u00f3n de los responsables. En este grupo no se incluyen Daule  ni Colimes, en donde se repitieron ayer las refriegas. <\/p>\n<p>La vocal de la Junta Electoral del Guayas Nora Guzm\u00e1n inform\u00f3 que el Pleno del  CNE ya conoce un informe enviado por la Junta Electoral del Guayas. Al cierre de esta edici\u00f3n, se analizaba la posibilidad de convocar a nuevas elecciones en estos cantones. <\/p>\n<p>Explic\u00f3 que la decisi\u00f3n de citar o no a nuevas elecciones  depender\u00e1 de la investigaci\u00f3n del porcentaje de urnas quemadas, as\u00ed como de la poblaci\u00f3n que se qued\u00f3 sin ejercer su derecho al sufragio.<\/p>\n<p>Ayer en la ma\u00f1ana estuvo en esa delegaci\u00f3n del CNE el candidato a la Alcald\u00eda de General Villamil Salom\u00f3n Aguirre llevando papeletas electorales que se emplearon el domingo anterior. Denunci\u00f3 ante la Fiscal\u00eda que  fueron encontradas fuera del recinto electoral.<\/p>\n<p>Ayer en la ma\u00f1ana, la Junta Provincial Electoral del Guayas (JPEG) reactiv\u00f3  la Junta Intermedia de Escrutinios (JIE) que funciona en la Delegaci\u00f3n Electoral, actividad que fue suspendida el lunes anterior por m\u00e1s de 20 horas por problemas t\u00e9cnicos del sistema de contabilidad, seg\u00fan manifest\u00f3 Nicolasa Panchana, presidenta de la Junta Electoral del Guayas. <\/p>\n<p>El conteo de votos empez\u00f3 con  las personas privadas de su libertad, que votaron el 21 de febrero en los centros de rehabilitaci\u00f3n social. Luego continuar\u00e1n con Samborond\u00f3n, La Puntilla, Tarifa, Pun\u00e1 y Tenguel.<\/p>\n<p>\u201cEstamos avanzando en el sistema. Estaba lento en realidad. Ahora lo hemos estabilizado. Hemos concluido los escrutinios de las votaciones de las personas privadas de su libertad (PPL) y ahora vamos a pasar  a Samborond\u00f3n, La Puntilla, Tarifa, Pun\u00e1 y Tenguel. Eso ser\u00e1 desarrollado el d\u00eda de hoy\u201d, indic\u00f3 Guzm\u00e1n. <\/p>\n<p>El retraso en los escrutinios provoc\u00f3 la reacci\u00f3n del movimiento Centro Democr\u00e1tico, que rechaz\u00f3 rotundamente la poca agilidad de las juntas intermedias para el procesamiento de las actas. <\/p>\n<p>El movimiento Centro Democr\u00e1tico rechaz\u00f3 este tipo de interrupciones que entorpecen el desarrollo y buen manejo de la informaci\u00f3n electoral.  En igual sentido se pronunciaron el candidato a concejal de Guayaquil por AP Gustavo Navarro, el coordinador nacional de Creo, Lorenzo Calvas, y representantes del movimiento Madera de Guerrero. Calvas habl\u00f3 de que Creo presentar\u00e1 una denuncia en tal sentido ante el CNE: \u201cPuesto que los sujetos pol\u00edticos a\u00fan no cuentan con la informaci\u00f3n de los resultados electorales. Es una burla la que est\u00e1n haciendo\u201d. En Guayas funcionan 19 (Hoy). <\/p>\n","protected":false},"excerpt":{"rendered":"<p>El consejo Nacional Electoral (CNE) deber\u00e1 determinar dentro de los pr\u00f3ximos 10 d\u00edas si convoca o no a nuevas elecciones<\/p>\n","protected":false},"author":1,"featured_media":0,"comment_status":"open","ping_status":"open","sticky":false,"template":"","format":"standard","meta":{"footnotes":""},"categories":[3],"tags":[],"_links":{"self":[{"href":"https:\/\/www.ecuadoraldia.com.ec\/index.php?rest_route=\/wp\/v2\/posts\/1500"}],"collection":[{"href":"https:\/\/www.ecuadoraldia.com.ec\/index.php?rest_route=\/wp\/v2\/posts"}],"about":[{"href":"https:\/\/www.ecuadoraldia.com.ec\/index.php?rest_route=\/wp\/v2\/types\/post"}],"author":[{"embeddable":true,"href":"https:\/\/www.ecuadoraldia.com.ec\/index.php?rest_route=\/wp\/v2\/users\/1"}],"replies":[{"embeddable":true,"href":"https:\/\/www.ecuadoraldia.com.ec\/index.php?rest_route=%2Fwp%2Fv2%2Fcomments&post=1500"}],"version-history":[{"count":1,"href":"https:\/\/www.ecuadoraldia.com.ec\/index.php?rest_route=\/wp\/v2\/posts\/1500\/revisions"}],"predecessor-version":[{"id":1502,"href":"https:\/\/www.ecuadoraldia.com.ec\/index.php?rest_route=\/wp\/v2\/posts\/1500\/revisions\/1502"}],"wp:attachment":[{"href":"https:\/\/www.ecuadoraldia.com.ec\/index.php?rest_route=%2Fwp%2Fv2%2Fmedia&parent=1500"}],"wp:term":[{"taxonomy":"category","embeddable":true,"href":"https:\/\/www.ecuadoraldia.com.ec\/index.php?rest_route=%2Fwp%2Fv2%2Fcategories&post=1500"},{"taxonomy":"post_tag","embeddable":true,"href":"https:\/\/www.ecuadoraldia.com.ec\/index.php?rest_route=%2Fwp%2Fv2%2Ftags&post=1500"}],"curies":[{"name":"wp","href":"https:\/\/api.w.org\/{rel}","templated":true}]}}