{"id":15003,"date":"2017-06-07T10:54:49","date_gmt":"2017-06-07T15:54:49","guid":{"rendered":"http:\/\/www.ecuadoraldia.com.ec\/?p=15003"},"modified":"2017-06-07T13:00:15","modified_gmt":"2017-06-07T18:00:15","slug":"acosta-no-hay-pruebas-que-involucren-al-contralor-en-el-caso-odebrecht","status":"publish","type":"post","link":"https:\/\/www.ecuadoraldia.com.ec\/?p=15003","title":{"rendered":"Acosta: No hay pruebas que involucren al Contralor en el caso Odebrecht"},"content":{"rendered":"<p><a href=\"http:\/\/www.ecuadoraldia.com.ec\/wp-content\/uploads\/2017\/06\/orge-acosta.jpg\"><img loading=\"lazy\" decoding=\"async\" class=\"alignleft size-medium wp-image-15004\" src=\"http:\/\/www.ecuadoraldia.com.ec\/wp-content\/uploads\/2017\/06\/orge-acosta-300x177.jpg\" alt=\"\" width=\"300\" height=\"177\" srcset=\"https:\/\/www.ecuadoraldia.com.ec\/wp-content\/uploads\/2017\/06\/orge-acosta-300x177.jpg 300w, https:\/\/www.ecuadoraldia.com.ec\/wp-content\/uploads\/2017\/06\/orge-acosta.jpg 714w\" sizes=\"(max-width: 300px) 100vw, 300px\" \/><\/a>La defensa del Contralor Carlos p\u00f3lit, asegura que en los allanamientos dispuestos por la Fiscal\u00eda, no se han encontrado pruebas que lo vinculen en los hechos de corrupci\u00f3n del caso \u201cOdebrecht\u201d.<\/p>\n<p>Jorge Acosta Procurador, nombrado por Carlos Polit, para que lo represente, debido a su licencia de 60 d\u00edas por asuntos m\u00e9dicos, dijo hoy que en la caja fuerte de una suite de un hotel de Quito, solo se encontr\u00f3 un Reloj de marca Rolex y USD 80,oo en efectivo, y que adem\u00e1s esas evidencias pertenecen a una persona en particular que arrendaba la suite en menci\u00f3n.<\/p>\n<p>En la casa de Guayaquil, residencia del Contralor, tampoco encontraron nada que involucre al funcionario en las denuncias que se habla en los medios de prensa, dice Acosta.<\/p>\n<p>Acosta, \u00a0se\u00f1al\u00f3 que este sigue en Miami (EE.UU.) por un tratamiento m\u00e9dico, as\u00ed mismo dijo que conversa casi a diario con el funcionario, para delinear la estrategia de su defensa. Explic\u00f3 que el delito de concusi\u00f3n que investiga la Fiscal\u00eda en contra de P\u00f3lit, se origin\u00f3 por el an\u00e1lisis del informe que elabor\u00f3 la Contralor\u00eda del proyecto San Francisco.<\/p>\n<p>Sin embargo, indic\u00f3 que el proceso -que est\u00e1 en etapa de indagaci\u00f3n previa- no aporta con ninguna prueba sobre el supuesto delito. Por este motivo, dijo, se solicit\u00f3 el allanamiento al domicilio del contralor en Guayaquil y una suit en Quito.<br \/>\nEl jurista indic\u00f3 que en esta diligencia, que se cumpli\u00f3 el viernes pasado, no se encontr\u00f3 nada, solamente en una caja fuerte hallaron un reloj que pertenece a un arrendatario. En rueda de prensa, el abogado indic\u00f3 que P\u00f3lit no retornar\u00e1 al pa\u00eds por el momento, ya que esperar\u00e1 primero que se termine la licencia de 60 d\u00edas que solicit\u00f3, luego de lo cual analizar\u00e1 si existen las garant\u00edas para su retorno.<br \/>\nSin embargo, Acosta dijo que por el momento no hay esas condiciones, ya que el tema \u00abse ha politizado\u00bb. Mencion\u00f3 que, en caso de que avance el juicio pol\u00edtico en la Asamblea, enviar\u00eda a un representante legal o su comparecencia podr\u00eda ser por videoconferencia.<\/p>\n<p>\u00abCuando se abra m\u00e1s la investigaci\u00f3n de la Fiscal\u00eda y si es que ocurre el juicio pol\u00edtico, tambi\u00e9n iremos, llevaremos los papeles que sean necesarios para demostrar cu\u00e1ntos informes de indicio de responsabilidad penal ha presentado la Contralor\u00eda, se acercan a los 2.000, \u00bfqui\u00e9n ten\u00eda que procesar eso? La Fiscal\u00eda pues, no estoy hablando del actual fiscal, del anterior\u00bb, apunt\u00f3.<\/p>\n<p>En contraste, en el Parlamento ya se contar\u00eda con los votos \u2013entre la oposici\u00f3n y AP\u2013 para censurar al contralor Carlos P\u00f3lit, sobre quien pesa una indagaci\u00f3n previa por parte de la Fiscal\u00eda. Anoche el presidente de la Asamblea, Jos\u00e9 Serrano, revel\u00f3 que al momento hay 50 firmas de AP por el juicio; aunque sigue el proceso de recoger pruebas en su contra.<\/p>\n<p>Sin embargo, ayer los legisladores Con 106 votos a favor, 22 en contra y 2 abstenciones se aprob\u00f3 una resoluci\u00f3n con siete puntos que incluye el inicio del juicio pol\u00edtico al contralor P\u00f3lit; la comparecencia inmediata del fiscal de la Naci\u00f3n, Carlos Baca; que se inicie un proceso de investigaci\u00f3n sobre la presencia de Odebrecht desde 1987, y que antes de su expulsi\u00f3n del pa\u00eds se debe garantizar la reparaci\u00f3n de los da\u00f1os.<\/p>\n<p>Silvia Salgado (AP-PSE), C\u00e9sar Roh\u00f3n (PSC), Ver\u00f3nica Arias (AP-ARE) y Guillermo Celi (CREO-SUMA) advirtieron que si P\u00f3lit no asiste al juicio pol\u00edtico, ser\u00e1 censurado en ausencia.<\/p>\n<p>La investigaci\u00f3n por los supuestos sobornos que la empresa Odebrecht entreg\u00f3 en varios pa\u00edses motiv\u00f3 ayer que la Asamblea modifique el orden del d\u00eda propuesto por Augusto Espinosa (AP) sobre acciones para el combate contra la corrupci\u00f3n.<\/p>\n<p>&nbsp;<\/p>\n<p>&nbsp;<\/p>\n","protected":false},"excerpt":{"rendered":"<p>La defensa del Contralor Carlos p\u00f3lit, asegura que en los allanamientos dispuestos por la Fiscal\u00eda, no se han encontrado pruebas<\/p>\n","protected":false},"author":1,"featured_media":15004,"comment_status":"closed","ping_status":"closed","sticky":false,"template":"","format":"standard","meta":{"footnotes":""},"categories":[1],"tags":[],"_links":{"self":[{"href":"https:\/\/www.ecuadoraldia.com.ec\/index.php?rest_route=\/wp\/v2\/posts\/15003"}],"collection":[{"href":"https:\/\/www.ecuadoraldia.com.ec\/index.php?rest_route=\/wp\/v2\/posts"}],"about":[{"href":"https:\/\/www.ecuadoraldia.com.ec\/index.php?rest_route=\/wp\/v2\/types\/post"}],"author":[{"embeddable":true,"href":"https:\/\/www.ecuadoraldia.com.ec\/index.php?rest_route=\/wp\/v2\/users\/1"}],"replies":[{"embeddable":true,"href":"https:\/\/www.ecuadoraldia.com.ec\/index.php?rest_route=%2Fwp%2Fv2%2Fcomments&post=15003"}],"version-history":[{"count":5,"href":"https:\/\/www.ecuadoraldia.com.ec\/index.php?rest_route=\/wp\/v2\/posts\/15003\/revisions"}],"predecessor-version":[{"id":15015,"href":"https:\/\/www.ecuadoraldia.com.ec\/index.php?rest_route=\/wp\/v2\/posts\/15003\/revisions\/15015"}],"wp:featuredmedia":[{"embeddable":true,"href":"https:\/\/www.ecuadoraldia.com.ec\/index.php?rest_route=\/wp\/v2\/media\/15004"}],"wp:attachment":[{"href":"https:\/\/www.ecuadoraldia.com.ec\/index.php?rest_route=%2Fwp%2Fv2%2Fmedia&parent=15003"}],"wp:term":[{"taxonomy":"category","embeddable":true,"href":"https:\/\/www.ecuadoraldia.com.ec\/index.php?rest_route=%2Fwp%2Fv2%2Fcategories&post=15003"},{"taxonomy":"post_tag","embeddable":true,"href":"https:\/\/www.ecuadoraldia.com.ec\/index.php?rest_route=%2Fwp%2Fv2%2Ftags&post=15003"}],"curies":[{"name":"wp","href":"https:\/\/api.w.org\/{rel}","templated":true}]}}