{"id":15011,"date":"2017-06-07T12:49:36","date_gmt":"2017-06-07T17:49:36","guid":{"rendered":"http:\/\/www.ecuadoraldia.com.ec\/?p=15011"},"modified":"2017-06-07T12:49:36","modified_gmt":"2017-06-07T17:49:36","slug":"academia-debera-colocar-placa-y-ofrecer-disculpas-a-41-victimas-de-atentado-al-pudor","status":"publish","type":"post","link":"https:\/\/www.ecuadoraldia.com.ec\/?p=15011","title":{"rendered":"Academia deber\u00e1 colocar placa y ofrecer disculpas a 41 v\u00edctimas de atentado al pudor"},"content":{"rendered":"<p><a href=\"http:\/\/www.ecuadoraldia.com.ec\/wp-content\/uploads\/2017\/06\/maxresdefault.jpg\"><img loading=\"lazy\" decoding=\"async\" class=\"alignleft size-medium wp-image-15012\" src=\"http:\/\/www.ecuadoraldia.com.ec\/wp-content\/uploads\/2017\/06\/maxresdefault-300x169.jpg\" alt=\"\" width=\"300\" height=\"169\" srcset=\"https:\/\/www.ecuadoraldia.com.ec\/wp-content\/uploads\/2017\/06\/maxresdefault-300x169.jpg 300w, https:\/\/www.ecuadoraldia.com.ec\/wp-content\/uploads\/2017\/06\/maxresdefault-768x432.jpg 768w, https:\/\/www.ecuadoraldia.com.ec\/wp-content\/uploads\/2017\/06\/maxresdefault-1024x576.jpg 1024w, https:\/\/www.ecuadoraldia.com.ec\/wp-content\/uploads\/2017\/06\/maxresdefault.jpg 1280w\" sizes=\"(max-width: 300px) 100vw, 300px\" \/><\/a>El pleno de la Corte Constitucional (CC) neg\u00f3 una acci\u00f3n extraordinaria de protecci\u00f3n solicitada por la instituci\u00f3n educativa donde, en el transcurso del a\u00f1o lectivo 2010-2011, un docente atent\u00f3 contra el pudor de 41 estudiantes de entre 10 y 11 a\u00f1os, inform\u00f3 la Fiscal\u00eda. La resoluci\u00f3n de la CC indica que no se vulneran los derechos constitucionales en la sentencia que le ordena a la Academia Aeron\u00e1utica \u2018Mayor Pedro Traversari\u2019 (Aampetra) colocar una placa con la leyenda: \u00abEn memoria de las v\u00edctimas de abuso infantil en el sistema educativo\u00bb.<br \/>\nAampetra deber\u00e1 situar la placa en el aula donde Jos\u00e9 Negrete, docente de la academia, atent\u00f3 contra los estudiantes, delito por el cual fue sentenciado a 7 a\u00f1os de prisi\u00f3n y al pago de $ 10 mil a cada v\u00edctima.<\/p>\n<p>Tras la resoluci\u00f3n emitida por el pleno de la Corte Constitucional, la instituci\u00f3n educativa -localizada en Quito- tiene hasta el 30 de junio de 2017 para develar la placa. El acto se llevar\u00e1 a cabo durante el desarrollo del minuto c\u00edvico. All\u00ed tambi\u00e9n se ofrecer\u00e1n disculpas a las v\u00edctimas. A este acto deber\u00e1n asistir los padres de las v\u00edctimas, los ofendidos que actualmente son adolescentes, as\u00ed como representantes del Ministerio de Educaci\u00f3n y del Fondo de las Naciones Unidas para la Infancia (Unicef). Estas acciones son parte de la reparaci\u00f3n integral que el Tribunal Penal (primera instancia) orden\u00f3 en la sentencia condenatoria impuesta a Jos\u00e9 Negrete, en marzo de 2016, decisi\u00f3n judicial que fue ratificada por la Sala Penal de la Corte Provincial de Pichincha, en mayo del mismo a\u00f1o.<\/p>\n<p>Antecedentes Al declararse ejecutoriada esta sentencia, ya que Jorge Negrete no interpuso m\u00e1s recursos, Aampetra solicit\u00f3 una acci\u00f3n extraordinaria de protecci\u00f3n y el 3 de abril de 2017 se realiz\u00f3 una audiencia p\u00fablica de Estrados. La instituci\u00f3n alegaba que la reparaci\u00f3n integral que se ordena en la sentencia \u00ablesiona el prestigio y el buen nombre de la instituci\u00f3n educativa privada\u00bb. En tanto, la Fiscal\u00eda se\u00f1al\u00f3 que el abuso sexual se cometi\u00f3 por un docente y en las aulas de Aampetra. Adem\u00e1s, el inter\u00e9s superior de 41 ni\u00f1os est\u00e1 sobre el buen nombre de una instituci\u00f3n.<\/p>\n<p>El hecho ocurri\u00f3 durante el a\u00f1o lectivo 2010-2011. Jos\u00e9 Negrete (contador de profesi\u00f3n), en clases de Ciencias Naturales, oblig\u00f3 a 41 estudiantes a mirar pel\u00edculas pornogr\u00e1ficas y despu\u00e9s imitar aquellas escenas. Cuando los infantes se negaban, el profesor les lastimaba con la punta del comp\u00e1s o les quemaba la piel con los morteros del laboratorio de Ciencias Naturales. Ejerci\u00f3 agresi\u00f3n f\u00edsica, sicol\u00f3gica y sexual, a trav\u00e9s de intimidaci\u00f3n como matar a los padres y m\u00e1s de una vez visit\u00f3 las casas de las v\u00edctimas. Cuando se revelaron los hechos, el agresor huy\u00f3; sin embargo, este fue capturado en 2015, en Solanda. (I)<\/p>\n","protected":false},"excerpt":{"rendered":"<p>El pleno de la Corte Constitucional (CC) neg\u00f3 una acci\u00f3n extraordinaria de protecci\u00f3n solicitada por la instituci\u00f3n educativa donde, en<\/p>\n","protected":false},"author":1,"featured_media":15012,"comment_status":"closed","ping_status":"closed","sticky":false,"template":"","format":"standard","meta":{"footnotes":""},"categories":[5],"tags":[],"_links":{"self":[{"href":"https:\/\/www.ecuadoraldia.com.ec\/index.php?rest_route=\/wp\/v2\/posts\/15011"}],"collection":[{"href":"https:\/\/www.ecuadoraldia.com.ec\/index.php?rest_route=\/wp\/v2\/posts"}],"about":[{"href":"https:\/\/www.ecuadoraldia.com.ec\/index.php?rest_route=\/wp\/v2\/types\/post"}],"author":[{"embeddable":true,"href":"https:\/\/www.ecuadoraldia.com.ec\/index.php?rest_route=\/wp\/v2\/users\/1"}],"replies":[{"embeddable":true,"href":"https:\/\/www.ecuadoraldia.com.ec\/index.php?rest_route=%2Fwp%2Fv2%2Fcomments&post=15011"}],"version-history":[{"count":1,"href":"https:\/\/www.ecuadoraldia.com.ec\/index.php?rest_route=\/wp\/v2\/posts\/15011\/revisions"}],"predecessor-version":[{"id":15013,"href":"https:\/\/www.ecuadoraldia.com.ec\/index.php?rest_route=\/wp\/v2\/posts\/15011\/revisions\/15013"}],"wp:featuredmedia":[{"embeddable":true,"href":"https:\/\/www.ecuadoraldia.com.ec\/index.php?rest_route=\/wp\/v2\/media\/15012"}],"wp:attachment":[{"href":"https:\/\/www.ecuadoraldia.com.ec\/index.php?rest_route=%2Fwp%2Fv2%2Fmedia&parent=15011"}],"wp:term":[{"taxonomy":"category","embeddable":true,"href":"https:\/\/www.ecuadoraldia.com.ec\/index.php?rest_route=%2Fwp%2Fv2%2Fcategories&post=15011"},{"taxonomy":"post_tag","embeddable":true,"href":"https:\/\/www.ecuadoraldia.com.ec\/index.php?rest_route=%2Fwp%2Fv2%2Ftags&post=15011"}],"curies":[{"name":"wp","href":"https:\/\/api.w.org\/{rel}","templated":true}]}}