{"id":15016,"date":"2017-06-07T13:03:20","date_gmt":"2017-06-07T18:03:20","guid":{"rendered":"http:\/\/www.ecuadoraldia.com.ec\/?p=15016"},"modified":"2017-06-07T13:03:20","modified_gmt":"2017-06-07T18:03:20","slug":"glas-yo-no-he-participado-de-ningun-proceso-de-contratacion","status":"publish","type":"post","link":"https:\/\/www.ecuadoraldia.com.ec\/?p=15016","title":{"rendered":"Glas: \u00abYo no he participado de ning\u00fan proceso de contrataci\u00f3n\u00bb"},"content":{"rendered":"<p><a href=\"http:\/\/www.ecuadoraldia.com.ec\/wp-content\/uploads\/2017\/06\/rhu.jpg\"><img loading=\"lazy\" decoding=\"async\" class=\"alignleft size-medium wp-image-15017\" src=\"http:\/\/www.ecuadoraldia.com.ec\/wp-content\/uploads\/2017\/06\/rhu-300x142.jpg\" alt=\"\" width=\"300\" height=\"142\" srcset=\"https:\/\/www.ecuadoraldia.com.ec\/wp-content\/uploads\/2017\/06\/rhu-300x142.jpg 300w, https:\/\/www.ecuadoraldia.com.ec\/wp-content\/uploads\/2017\/06\/rhu-768x362.jpg 768w, https:\/\/www.ecuadoraldia.com.ec\/wp-content\/uploads\/2017\/06\/rhu-1024x483.jpg 1024w, https:\/\/www.ecuadoraldia.com.ec\/wp-content\/uploads\/2017\/06\/rhu.jpg 1170w\" sizes=\"(max-width: 300px) 100vw, 300px\" \/><\/a>El vicepresidente de la Rep\u00fablica, Jorge Glas, afirm\u00f3 este mi\u00e9rcoles que nunca ha participado de un proceso de contrataci\u00f3n de obras porque esas atribuciones nunca estuvieron a su cargo. Durante una entrevista radial en Guayaquil, Glas explic\u00f3 que durante una contrataci\u00f3n se instala una junta para realizar el proceso. Ese organismo presenta las bases y efect\u00faa la licitaci\u00f3n. \u00abYo no he participado de ning\u00fan proceso de contrataci\u00f3n. Jam\u00e1s he negociado un barril de petr\u00f3leo, eso lo hacen los directivos de Petroecuador.<\/p>\n<p>Ni jam\u00e1s he llamado a ning\u00fan ministro para presionar por una contrataci\u00f3n\u00bb, sentenci\u00f3 el Segundo Mandatario. Glas asegur\u00f3 que el \u00abgran corrupto es Marcelo Odebrecht\u00bb y rememor\u00f3 las pugnas que tuvo con la constructora brasile\u00f1a que luego derivaron en la expulsi\u00f3n de la compa\u00f1\u00eda del pa\u00eds en 2008.<br \/>\nEl Vicepresidente advirti\u00f3 que la empresa Odebrecht le tiene \u00abvenganza\u00bb porque la oblig\u00f3 a reparar la Central San Francisco y porque se decidi\u00f3 no cancelarle unos \u00abbonos de energ\u00eda\u00bb que se pactaron en gobiernos anteriores a los de Rafael Correa. Glas calcul\u00f3 en $ 200 millones las p\u00e9rdidas que tuvo la constructora brasile\u00f1a por decisiones del gobierno ecuatoriano. Sobre la intenci\u00f3n de sectores de oposici\u00f3n de llevarlo ante el pleno de la Asamblea para, incluso, iniciarle un juicio pol\u00edtico, Glas asegur\u00f3 que su \u00abresponsabilidad pol\u00edtica es la de luchar contra la corrupci\u00f3n\u00bb.<br \/>\n\u00abMi responsabilidad pol\u00edtica fue cambiar la matriz energ\u00e9tica, mi responsabilidad pol\u00edtica fue recuperar la soberan\u00eda sobre el petr\u00f3leo (&#8230;) mi responsabilidad pol\u00edtica es el pasado de las empresas p\u00fablicas de telecomunicaciones que de $ 70 millones de p\u00e9rdidas ahora tienen m\u00e1s de $ 300 millones de utilidades (&#8230;) mi responsabilidad pol\u00edtica tambi\u00e9n ha sido coger las 10 peores empresas el\u00e9ctricas que ten\u00eda el Ecuador y que hoy facturen 750 millones\u00bb, resumi\u00f3 Glas. El Vicepresidente reiter\u00f3 a la oposici\u00f3n que no hay ninguna prueba que lo vincule con actos de corrupci\u00f3n, aunque adelant\u00f3 que acudir\u00e1 a rendir su versi\u00f3n si la Fiscal\u00eda o la Comisi\u00f3n de Fiscalizaci\u00f3n de la Asamblea lo convocan. (Telegrafo).<\/p>\n","protected":false},"excerpt":{"rendered":"<p>El vicepresidente de la Rep\u00fablica, Jorge Glas, afirm\u00f3 este mi\u00e9rcoles que nunca ha participado de un proceso de contrataci\u00f3n de<\/p>\n","protected":false},"author":1,"featured_media":15017,"comment_status":"closed","ping_status":"closed","sticky":false,"template":"","format":"standard","meta":{"footnotes":""},"categories":[3],"tags":[],"_links":{"self":[{"href":"https:\/\/www.ecuadoraldia.com.ec\/index.php?rest_route=\/wp\/v2\/posts\/15016"}],"collection":[{"href":"https:\/\/www.ecuadoraldia.com.ec\/index.php?rest_route=\/wp\/v2\/posts"}],"about":[{"href":"https:\/\/www.ecuadoraldia.com.ec\/index.php?rest_route=\/wp\/v2\/types\/post"}],"author":[{"embeddable":true,"href":"https:\/\/www.ecuadoraldia.com.ec\/index.php?rest_route=\/wp\/v2\/users\/1"}],"replies":[{"embeddable":true,"href":"https:\/\/www.ecuadoraldia.com.ec\/index.php?rest_route=%2Fwp%2Fv2%2Fcomments&post=15016"}],"version-history":[{"count":1,"href":"https:\/\/www.ecuadoraldia.com.ec\/index.php?rest_route=\/wp\/v2\/posts\/15016\/revisions"}],"predecessor-version":[{"id":15018,"href":"https:\/\/www.ecuadoraldia.com.ec\/index.php?rest_route=\/wp\/v2\/posts\/15016\/revisions\/15018"}],"wp:featuredmedia":[{"embeddable":true,"href":"https:\/\/www.ecuadoraldia.com.ec\/index.php?rest_route=\/wp\/v2\/media\/15017"}],"wp:attachment":[{"href":"https:\/\/www.ecuadoraldia.com.ec\/index.php?rest_route=%2Fwp%2Fv2%2Fmedia&parent=15016"}],"wp:term":[{"taxonomy":"category","embeddable":true,"href":"https:\/\/www.ecuadoraldia.com.ec\/index.php?rest_route=%2Fwp%2Fv2%2Fcategories&post=15016"},{"taxonomy":"post_tag","embeddable":true,"href":"https:\/\/www.ecuadoraldia.com.ec\/index.php?rest_route=%2Fwp%2Fv2%2Ftags&post=15016"}],"curies":[{"name":"wp","href":"https:\/\/api.w.org\/{rel}","templated":true}]}}