{"id":15022,"date":"2017-06-08T09:24:22","date_gmt":"2017-06-08T14:24:22","guid":{"rendered":"http:\/\/www.ecuadoraldia.com.ec\/?p=15022"},"modified":"2017-06-08T09:24:22","modified_gmt":"2017-06-08T14:24:22","slug":"el-cargo-de-contralor-general-en-disputa","status":"publish","type":"post","link":"https:\/\/www.ecuadoraldia.com.ec\/?p=15022","title":{"rendered":"El cargo de Contralor General en disputa"},"content":{"rendered":"<p><a href=\"http:\/\/www.ecuadoraldia.com.ec\/wp-content\/uploads\/2017\/06\/el-cal-inicia-tramite-de-juicio-politico-contra-carlos-polit.jpg\"><img loading=\"lazy\" decoding=\"async\" class=\"alignleft size-medium wp-image-15023\" src=\"http:\/\/www.ecuadoraldia.com.ec\/wp-content\/uploads\/2017\/06\/el-cal-inicia-tramite-de-juicio-politico-contra-carlos-polit-300x190.jpg\" alt=\"\" width=\"300\" height=\"190\" srcset=\"https:\/\/www.ecuadoraldia.com.ec\/wp-content\/uploads\/2017\/06\/el-cal-inicia-tramite-de-juicio-politico-contra-carlos-polit-300x190.jpg 300w, https:\/\/www.ecuadoraldia.com.ec\/wp-content\/uploads\/2017\/06\/el-cal-inicia-tramite-de-juicio-politico-contra-carlos-polit.jpg 430w\" sizes=\"(max-width: 300px) 100vw, 300px\" \/><\/a>La Contralor\u00eda General del Estado permanece bajo custodia policial desde el mi\u00e9rcoles 7 de junio debido a diligencias de la Fiscal\u00eda.<\/p>\n<p>La polic\u00eda impidi\u00f3 el paso sus instalaciones debido a las pesquisas de un delito flagrante, seg\u00fan el fiscal Juan Carlos Z\u00fa\u00f1iga.<\/p>\n<p>El hecho se produjo tras un conflicto interno derivado de la pretensi\u00f3n de suplantar al contralor subrogante, Pablo Celi, que sustituye a Carlos P\u00f3lit, quien se encuentra con licencia m\u00e9dican EE.UU, desde donde el funcionario habr\u00eda enviado una carta destituyendo al actual contralor subrogante, Pablo Celi y en su reemplazo designa a Sabett Chaomun, que seg\u00fan Celi, no es funcionaria de dicha dependencia.<\/p>\n<p>En un testimonio recogido por teleamaz\u00f3nas, Celi declar\u00f3 que se produjo \u201cuna irrupci\u00f3n no autorizada de personas que no son de la Contralor\u00eda en el despacho del Contralor P\u00f3lit\u00bb.<\/p>\n<p>Se\u00f1al\u00f3 que el viernes pasado se lo intent\u00f3 obligar a firmar un documento, sobre lo cual apunt\u00f3 que \u201cnunca lo habr\u00eda firmado, yo no soy una persona que lleva por la fuerza absolutamente nada y mucho menos cuando est\u00e1 de por medio la integridad de una instituci\u00f3n\u201d.<\/p>\n<p>Indic\u00f3 que cuando el Ecuador tiene puestos los ojos en la Contralor\u00eda, su obligaci\u00f3n es mantener la institucionalidad y que no se vea afectado su normal funcionamiento como organismo de control.<\/p>\n<p>Adem\u00e1s coment\u00f3 que no hab\u00eda hablado con P\u00f3lit desde la semana pasada y desconoc\u00eda que le iban a pedir la renuncia a trav\u00e9s de una acci\u00f3n de personal.<\/p>\n<p><a href=\"http:\/\/www.ecuadoraldia.com.ec\/wp-content\/uploads\/2017\/06\/image_content_.jpg\"><img loading=\"lazy\" decoding=\"async\" class=\"alignleft size-medium wp-image-15024\" src=\"http:\/\/www.ecuadoraldia.com.ec\/wp-content\/uploads\/2017\/06\/image_content_-300x169.jpg\" alt=\"\" width=\"300\" height=\"169\" srcset=\"https:\/\/www.ecuadoraldia.com.ec\/wp-content\/uploads\/2017\/06\/image_content_-300x169.jpg 300w, https:\/\/www.ecuadoraldia.com.ec\/wp-content\/uploads\/2017\/06\/image_content_.jpg 762w\" sizes=\"(max-width: 300px) 100vw, 300px\" \/><\/a>Mientras, Sabett Chaomun, tambi\u00e9n afirma ser la Contralora por designaci\u00f3n del Contralor y, seg\u00fan Celi, \u201cse tom\u00f3 la oficina del Contralor\u201d.<\/p>\n<p>Chaomun, por su parte, afirm\u00f3 a medios locales que ejercer\u00e1 su funci\u00f3n de Contralora General Subrogante e indic\u00f3 que iba a derogar todas las presuntas irregularidades \u201cporque aqu\u00ed se han prestado varios funcionarios desleales que se han unido a \u00e9l (Celi)\u00bb.<\/p>\n<p>Varios autom\u00f3viles con vidrios polarizados salieron de uno de los parqueaderos de la Contralor\u00eda.<\/p>\n<p>Pasada las 17:30 (hora local) los funcionarios de la Contralor\u00eda General del Estado pudieron salir de la instituci\u00f3n. En las pr\u00f3ximas horas se espera una resoluci\u00f3n en este caso.<\/p>\n<p>La Asamblea Nacional acord\u00f3 la v\u00edspera iniciar los tr\u00e1mites para un juicio pol\u00edtico a P\u00f3lit, como parte de la investigaci\u00f3n del caso Odebrecht.<br \/>\nEste jueves a las 10h00 Celi emitir\u00e1 un pronunciamiento ante los medios de comunicaci\u00f3n, sobre los hechos que son de dominio p\u00fablico.<\/p>\n<p>Polit quien es indagado por la fiscal\u00eda, se encuentra fuera del Pa\u00eds con permiso m\u00e9dico de 60 d\u00edas. Su abogado Jorge acosta, dijo ayer a la prensa que el funcionario no retornar\u00e1 al Ecuador, mientras no hayan las debidas garant\u00edas.<\/p>\n","protected":false},"excerpt":{"rendered":"<p>La Contralor\u00eda General del Estado permanece bajo custodia policial desde el mi\u00e9rcoles 7 de junio debido a diligencias de la<\/p>\n","protected":false},"author":1,"featured_media":15023,"comment_status":"closed","ping_status":"closed","sticky":false,"template":"","format":"standard","meta":{"footnotes":""},"categories":[3],"tags":[],"_links":{"self":[{"href":"https:\/\/www.ecuadoraldia.com.ec\/index.php?rest_route=\/wp\/v2\/posts\/15022"}],"collection":[{"href":"https:\/\/www.ecuadoraldia.com.ec\/index.php?rest_route=\/wp\/v2\/posts"}],"about":[{"href":"https:\/\/www.ecuadoraldia.com.ec\/index.php?rest_route=\/wp\/v2\/types\/post"}],"author":[{"embeddable":true,"href":"https:\/\/www.ecuadoraldia.com.ec\/index.php?rest_route=\/wp\/v2\/users\/1"}],"replies":[{"embeddable":true,"href":"https:\/\/www.ecuadoraldia.com.ec\/index.php?rest_route=%2Fwp%2Fv2%2Fcomments&post=15022"}],"version-history":[{"count":1,"href":"https:\/\/www.ecuadoraldia.com.ec\/index.php?rest_route=\/wp\/v2\/posts\/15022\/revisions"}],"predecessor-version":[{"id":15025,"href":"https:\/\/www.ecuadoraldia.com.ec\/index.php?rest_route=\/wp\/v2\/posts\/15022\/revisions\/15025"}],"wp:featuredmedia":[{"embeddable":true,"href":"https:\/\/www.ecuadoraldia.com.ec\/index.php?rest_route=\/wp\/v2\/media\/15023"}],"wp:attachment":[{"href":"https:\/\/www.ecuadoraldia.com.ec\/index.php?rest_route=%2Fwp%2Fv2%2Fmedia&parent=15022"}],"wp:term":[{"taxonomy":"category","embeddable":true,"href":"https:\/\/www.ecuadoraldia.com.ec\/index.php?rest_route=%2Fwp%2Fv2%2Fcategories&post=15022"},{"taxonomy":"post_tag","embeddable":true,"href":"https:\/\/www.ecuadoraldia.com.ec\/index.php?rest_route=%2Fwp%2Fv2%2Ftags&post=15022"}],"curies":[{"name":"wp","href":"https:\/\/api.w.org\/{rel}","templated":true}]}}