{"id":15030,"date":"2017-06-09T09:13:18","date_gmt":"2017-06-09T14:13:18","guid":{"rendered":"http:\/\/www.ecuadoraldia.com.ec\/?p=15030"},"modified":"2017-06-09T09:14:00","modified_gmt":"2017-06-09T14:14:00","slug":"gobierno-abre-el-dialogo-con-sectores-productivos","status":"publish","type":"post","link":"https:\/\/www.ecuadoraldia.com.ec\/?p=15030","title":{"rendered":"Gobierno abre el di\u00e1logo con sectores productivos"},"content":{"rendered":"<p><a href=\"http:\/\/www.ecuadoraldia.com.ec\/wp-content\/uploads\/2017\/06\/35182612395_094322c1de_z.jpg\"><img loading=\"lazy\" decoding=\"async\" class=\"alignleft size-medium wp-image-15031\" src=\"http:\/\/www.ecuadoraldia.com.ec\/wp-content\/uploads\/2017\/06\/35182612395_094322c1de_z-300x188.jpg\" alt=\"\" width=\"300\" height=\"188\" srcset=\"https:\/\/www.ecuadoraldia.com.ec\/wp-content\/uploads\/2017\/06\/35182612395_094322c1de_z-300x188.jpg 300w, https:\/\/www.ecuadoraldia.com.ec\/wp-content\/uploads\/2017\/06\/35182612395_094322c1de_z.jpg 640w\" sizes=\"(max-width: 300px) 100vw, 300px\" \/><\/a>El Vicepresidente indic\u00f3 que la productividad e innovaci\u00f3n ser\u00e1n la hoja de ruta del gobierno. Los empresarios tambi\u00e9n sugirieron reemplazar el anticipo del impuesto a la renta. Redacci\u00f3n Econom\u00eda La primera reuni\u00f3n de trabajo del Consejo de la Producci\u00f3n, liderado por el vicepresidente Jorge Glas, se realiz\u00f3 ayer con la participaci\u00f3n de ministros de Estado, la C\u00e1mara Nacional de la Peque\u00f1a Empresa (Canape), la C\u00e1mara de la Peque\u00f1a y Mediana Empresa de Pichincha (Capeipi), y asociaciones de la econom\u00eda popular y solidaria (EPS).<\/p>\n<p>Ambos frentes (p\u00fablico y privado) comparten el mismo objetivo: mejorar la competitividad de la industria nacional, a trav\u00e9s de la innovaci\u00f3n. Para lograrlo, la Capeipi propuso crear consejos, observatorios, nueva institucionalidad e iniciar la construcci\u00f3n conjunta de la Agenda Nacional por la Innovaci\u00f3n, Calidad y Empleo. Con esa intenci\u00f3n coincidi\u00f3 el Vicepresidente, quien manifest\u00f3 que \u201cproductividad e innovaci\u00f3n van a marcar la agenda de trabajo en los pr\u00f3ximos cuatro a\u00f1os\u201d.<br \/>\nEl Segundo Mandatario se\u00f1al\u00f3 que el Gobierno est\u00e1 articulando ejes de desarrollo, aumento de productividad y generaci\u00f3n de empleo. A ello agreg\u00f3 que el principal reto ser\u00e1 enlazar al sector productivo con la generaci\u00f3n de conocimiento. Al respecto, Marco Carri\u00f3n, presidente de la Canape y la Capeipi, manifest\u00f3 que se buscan alianzas p\u00fablico-privadas para capacitar a las mipymes, as\u00ed como a los actores de la EPS y artesanos, ya sea con el Servicio Ecuatoriano de Capacitaci\u00f3n Profesional (Secap) o en instituciones acad\u00e9micas con carreras t\u00e9cnicas. La ministra de Industrias y Productividad, Eva Garc\u00eda, reiter\u00f3 la decisi\u00f3n de fortalecer los encadenamientos productivos, \u201cpara asegurar que las empresas tambi\u00e9n sean generadoras de divisas\u201d.<br \/>\nOtro de los pedidos fue crear un sistema unificado de registros y de permisos, que reduzca la tramitolog\u00eda y agilite los procesos de las mipymes. Glas acogi\u00f3 el tema, delegando a Garc\u00eda revisar la factibilidad de la sugerencia, dado que incluye aristas en comercio exterior y en otras \u00e1reas econ\u00f3micas. Las mipymes y gremios de la EPS que asistieron al encuentro generan alrededor de 1 mill\u00f3n de empleos, directos e indirectos. Solamente las empresas asociadas en la Capeipi producen ventas anuales por m\u00e1s de $ 2.000 millones.<br \/>\nEn materia tributaria, insistieron en la eliminaci\u00f3n del cobro del anticipo del impuesto a la renta. En caso de que su sugerencia no sea acogida propusieron vender acciones a trav\u00e9s de una bolsa de valores paralela, donde una empresa pueda comprar acciones de otra compa\u00f1\u00eda que tenga iliquidez. \u201cEs para reemplazar el anticipo e inyectar liquidez a las empresas que tengan problemas. Esto de alguna manera democratiza el capital\u201d, explic\u00f3 Carri\u00f3n. Con estos antecedentes, las c\u00e1maras solicitaron ser incluidas en el Consejo Consultivo Productivo y Tributario, anunciado por el presidente Len\u00edn Moreno, y cuya conformaci\u00f3n a\u00fan est\u00e1 en proceso. Ah\u00ed piensan plantear, entre otras cosas, el estudio de medidas e instrumentos que ayuden a amortiguar los efectos de un incremento en las importaciones, como consecuencia del fin de las salvaguardias. (El Telegrafo\/ Foto Andes)<\/p>\n","protected":false},"excerpt":{"rendered":"<p>El Vicepresidente indic\u00f3 que la productividad e innovaci\u00f3n ser\u00e1n la hoja de ruta del gobierno. Los empresarios tambi\u00e9n sugirieron reemplazar<\/p>\n","protected":false},"author":1,"featured_media":15031,"comment_status":"closed","ping_status":"closed","sticky":false,"template":"","format":"standard","meta":{"footnotes":""},"categories":[9],"tags":[],"_links":{"self":[{"href":"https:\/\/www.ecuadoraldia.com.ec\/index.php?rest_route=\/wp\/v2\/posts\/15030"}],"collection":[{"href":"https:\/\/www.ecuadoraldia.com.ec\/index.php?rest_route=\/wp\/v2\/posts"}],"about":[{"href":"https:\/\/www.ecuadoraldia.com.ec\/index.php?rest_route=\/wp\/v2\/types\/post"}],"author":[{"embeddable":true,"href":"https:\/\/www.ecuadoraldia.com.ec\/index.php?rest_route=\/wp\/v2\/users\/1"}],"replies":[{"embeddable":true,"href":"https:\/\/www.ecuadoraldia.com.ec\/index.php?rest_route=%2Fwp%2Fv2%2Fcomments&post=15030"}],"version-history":[{"count":2,"href":"https:\/\/www.ecuadoraldia.com.ec\/index.php?rest_route=\/wp\/v2\/posts\/15030\/revisions"}],"predecessor-version":[{"id":15033,"href":"https:\/\/www.ecuadoraldia.com.ec\/index.php?rest_route=\/wp\/v2\/posts\/15030\/revisions\/15033"}],"wp:featuredmedia":[{"embeddable":true,"href":"https:\/\/www.ecuadoraldia.com.ec\/index.php?rest_route=\/wp\/v2\/media\/15031"}],"wp:attachment":[{"href":"https:\/\/www.ecuadoraldia.com.ec\/index.php?rest_route=%2Fwp%2Fv2%2Fmedia&parent=15030"}],"wp:term":[{"taxonomy":"category","embeddable":true,"href":"https:\/\/www.ecuadoraldia.com.ec\/index.php?rest_route=%2Fwp%2Fv2%2Fcategories&post=15030"},{"taxonomy":"post_tag","embeddable":true,"href":"https:\/\/www.ecuadoraldia.com.ec\/index.php?rest_route=%2Fwp%2Fv2%2Ftags&post=15030"}],"curies":[{"name":"wp","href":"https:\/\/api.w.org\/{rel}","templated":true}]}}