{"id":15034,"date":"2017-06-09T15:33:49","date_gmt":"2017-06-09T20:33:49","guid":{"rendered":"http:\/\/www.ecuadoraldia.com.ec\/?p=15034"},"modified":"2017-06-09T15:37:30","modified_gmt":"2017-06-09T20:37:30","slug":"thania-moreno-noexiste-acuerdo-de-inmunidad-con-odebrecht","status":"publish","type":"post","link":"https:\/\/www.ecuadoraldia.com.ec\/?p=15034","title":{"rendered":"Thania Moreno: no existe acuerdo de inmunidad con Odebrecht"},"content":{"rendered":"<p><a href=\"http:\/\/www.ecuadoraldia.com.ec\/wp-content\/uploads\/2017\/06\/moreno-y-colombiano-juan.jpg\"><img loading=\"lazy\" decoding=\"async\" class=\"alignleft size-medium wp-image-15035\" src=\"http:\/\/www.ecuadoraldia.com.ec\/wp-content\/uploads\/2017\/06\/moreno-y-colombiano-juan-300x201.jpg\" alt=\"\" width=\"300\" height=\"201\" srcset=\"https:\/\/www.ecuadoraldia.com.ec\/wp-content\/uploads\/2017\/06\/moreno-y-colombiano-juan-300x201.jpg 300w, https:\/\/www.ecuadoraldia.com.ec\/wp-content\/uploads\/2017\/06\/moreno-y-colombiano-juan.jpg 580w\" sizes=\"(max-width: 300px) 100vw, 300px\" \/><\/a>La ma\u00f1ana de este viernes se desarroll\u00f3 en Quito una reuni\u00f3n entre el fiscal colombiano, Juan Delgado, con la fiscal subrogante de Ecuador, Thania Moreno, para intercambiar informaci\u00f3n sobre el caso de corrupci\u00f3n de la empresa brasile\u00f1a Odebrecht. Moreno adelant\u00f3 que en la cita se analizaron datos sobre la denuncia hecha por la asamble\u00edsta ecuatoriana Mar\u00eda Jos\u00e9 Carri\u00f3n, sobre el proceso de contrataci\u00f3n del Metro de Quito en el que estuvo vinculada la constructora. Moreno, desminti\u00f3 que exista un acuerdo de inmunidad con los directivos de Odebrecht como lo hab\u00eda afirmado la v\u00edspera una nota de diario El Comercio.<\/p>\n<p>La fiscal aclar\u00f3 que la legislaci\u00f3n ecuatoriana no contempla acuerdos para no juzgar delitos sino de reducci\u00f3n de penas, desmintiendo as\u00ed lo publicado por el rotativo que afirm\u00f3, sin una fuente, que Ecuador no podr\u00e1 judicializar a Odebrecht, a sus exdirectivos, colaboradores y adherentes.. \u201cNuestra normativa ecuatoriana nos proh\u00edbe hacer acuerdos en el sentido de que no procesemos a ninguna persona (\u2026) No tenemos ninguna figura con la cual nos podamos comprometer a eso\u201d, afirm\u00f3 al se\u00f1alar que la funci\u00f3n de la Fiscal\u00eda es investigar y que \u201cde encontrar m\u00e9ritos, obviamente, habr\u00e1 que procesar a la persona implicada\u201d.<\/p>\n<p>Aclar\u00f3 que la figura de colaboraci\u00f3n eficaz, vigente en el C\u00f3digo Integral Penal (COP) se ajusta a ciertos par\u00e1metros que, en ning\u00fan caso, contempla evitar un proceso legal. Se contempla reducci\u00f3n de penas, por ejemplo, cuando esa colaboraci\u00f3n eficaz permita llegar al jefe de una estructura delincuencial. \u201cFiscal\u00eda puede hacer rebajas de penas pero jam\u00e1s procesar a una persona\u201d, enfatiz\u00f3.<\/p>\n<p>El fiscal colombiano no dio detalles de la investigaci\u00f3n abierta en su pa\u00eds acerca de los contratos con Odebrecht por tratarse de una indagaci\u00f3n reservada.<\/p>\n<p>La constructora brasilera es investigada por instituir un sistema de pago de sobornos a altos funcionarios latinoamericanos para la adjudicaci\u00f3n de millonarios contratos de construcci\u00f3n. (I)<\/p>\n<p><iframe loading=\"lazy\" width=\"800\" height=\"450\" src=\"https:\/\/www.youtube.com\/embed\/kHwTZZ-gAOM?feature=oembed\" frameborder=\"0\" allowfullscreen><\/iframe><\/p>\n","protected":false},"excerpt":{"rendered":"<p>La ma\u00f1ana de este viernes se desarroll\u00f3 en Quito una reuni\u00f3n entre el fiscal colombiano, Juan Delgado, con la fiscal<\/p>\n","protected":false},"author":1,"featured_media":15035,"comment_status":"closed","ping_status":"closed","sticky":false,"template":"","format":"standard","meta":{"footnotes":""},"categories":[5],"tags":[],"_links":{"self":[{"href":"https:\/\/www.ecuadoraldia.com.ec\/index.php?rest_route=\/wp\/v2\/posts\/15034"}],"collection":[{"href":"https:\/\/www.ecuadoraldia.com.ec\/index.php?rest_route=\/wp\/v2\/posts"}],"about":[{"href":"https:\/\/www.ecuadoraldia.com.ec\/index.php?rest_route=\/wp\/v2\/types\/post"}],"author":[{"embeddable":true,"href":"https:\/\/www.ecuadoraldia.com.ec\/index.php?rest_route=\/wp\/v2\/users\/1"}],"replies":[{"embeddable":true,"href":"https:\/\/www.ecuadoraldia.com.ec\/index.php?rest_route=%2Fwp%2Fv2%2Fcomments&post=15034"}],"version-history":[{"count":5,"href":"https:\/\/www.ecuadoraldia.com.ec\/index.php?rest_route=\/wp\/v2\/posts\/15034\/revisions"}],"predecessor-version":[{"id":15040,"href":"https:\/\/www.ecuadoraldia.com.ec\/index.php?rest_route=\/wp\/v2\/posts\/15034\/revisions\/15040"}],"wp:featuredmedia":[{"embeddable":true,"href":"https:\/\/www.ecuadoraldia.com.ec\/index.php?rest_route=\/wp\/v2\/media\/15035"}],"wp:attachment":[{"href":"https:\/\/www.ecuadoraldia.com.ec\/index.php?rest_route=%2Fwp%2Fv2%2Fmedia&parent=15034"}],"wp:term":[{"taxonomy":"category","embeddable":true,"href":"https:\/\/www.ecuadoraldia.com.ec\/index.php?rest_route=%2Fwp%2Fv2%2Fcategories&post=15034"},{"taxonomy":"post_tag","embeddable":true,"href":"https:\/\/www.ecuadoraldia.com.ec\/index.php?rest_route=%2Fwp%2Fv2%2Ftags&post=15034"}],"curies":[{"name":"wp","href":"https:\/\/api.w.org\/{rel}","templated":true}]}}