{"id":15041,"date":"2017-06-12T12:37:47","date_gmt":"2017-06-12T17:37:47","guid":{"rendered":"http:\/\/www.ecuadoraldia.com.ec\/?p=15041"},"modified":"2017-06-12T12:37:47","modified_gmt":"2017-06-12T17:37:47","slug":"fiscalia-fijara-nueva-fecha-para-comparesencia-de-glas","status":"publish","type":"post","link":"https:\/\/www.ecuadoraldia.com.ec\/?p=15041","title":{"rendered":"Fiscal\u00eda fijara nueva fecha para comparesencia de Glas"},"content":{"rendered":"<figure id=\"attachment_15042\" aria-describedby=\"caption-attachment-15042\" style=\"width: 300px\" class=\"wp-caption alignleft\"><a href=\"http:\/\/www.ecuadoraldia.com.ec\/wp-content\/uploads\/2017\/06\/GLAS-FISC.jpg\"><img loading=\"lazy\" decoding=\"async\" class=\"size-medium wp-image-15042\" src=\"http:\/\/www.ecuadoraldia.com.ec\/wp-content\/uploads\/2017\/06\/GLAS-FISC-300x199.jpg\" alt=\"\" width=\"300\" height=\"199\" srcset=\"https:\/\/www.ecuadoraldia.com.ec\/wp-content\/uploads\/2017\/06\/GLAS-FISC-300x199.jpg 300w, https:\/\/www.ecuadoraldia.com.ec\/wp-content\/uploads\/2017\/06\/GLAS-FISC-768x510.jpg 768w, https:\/\/www.ecuadoraldia.com.ec\/wp-content\/uploads\/2017\/06\/GLAS-FISC.jpg 800w\" sizes=\"(max-width: 300px) 100vw, 300px\" \/><\/a><figcaption id=\"caption-attachment-15042\" class=\"wp-caption-text\">QUITO &#8211; El vicepresidente Jorge Y EL EX FISCAL cHIRIBOGA (FOTO INTERNET)<\/figcaption><\/figure>\n<p>El vicepresidente de la Rep\u00fablica, Jorge Glas, no concurri\u00f3 hoy, a la Fiscal\u00eda General para rendir su versi\u00f3n sobre el caso Odebrecht.<\/p>\n<p>El Ministerio P\u00fablico se inform\u00f3 que el fiscal principal de la causa no estar\u00eda en su despacho y la fiscal subrogante, Thania Moreno, ya ten\u00eda preparada una diligencia para este lunes.<\/p>\n<p>Ante esta situaci\u00f3n, la Fiscal\u00eda General del Estado fijar\u00e1 una nueva fecha para la comparecencia del Segundo Mandatario, que en varias ocasiones se ha mostrado dispuesto a dar su declaraci\u00f3n libre y voluntaria sobre este caso. (I)<\/p>\n","protected":false},"excerpt":{"rendered":"<p>El vicepresidente de la Rep\u00fablica, Jorge Glas, no concurri\u00f3 hoy, a la Fiscal\u00eda General para rendir su versi\u00f3n sobre el<\/p>\n","protected":false},"author":1,"featured_media":15042,"comment_status":"closed","ping_status":"closed","sticky":false,"template":"","format":"standard","meta":{"footnotes":""},"categories":[5],"tags":[],"_links":{"self":[{"href":"https:\/\/www.ecuadoraldia.com.ec\/index.php?rest_route=\/wp\/v2\/posts\/15041"}],"collection":[{"href":"https:\/\/www.ecuadoraldia.com.ec\/index.php?rest_route=\/wp\/v2\/posts"}],"about":[{"href":"https:\/\/www.ecuadoraldia.com.ec\/index.php?rest_route=\/wp\/v2\/types\/post"}],"author":[{"embeddable":true,"href":"https:\/\/www.ecuadoraldia.com.ec\/index.php?rest_route=\/wp\/v2\/users\/1"}],"replies":[{"embeddable":true,"href":"https:\/\/www.ecuadoraldia.com.ec\/index.php?rest_route=%2Fwp%2Fv2%2Fcomments&post=15041"}],"version-history":[{"count":1,"href":"https:\/\/www.ecuadoraldia.com.ec\/index.php?rest_route=\/wp\/v2\/posts\/15041\/revisions"}],"predecessor-version":[{"id":15043,"href":"https:\/\/www.ecuadoraldia.com.ec\/index.php?rest_route=\/wp\/v2\/posts\/15041\/revisions\/15043"}],"wp:featuredmedia":[{"embeddable":true,"href":"https:\/\/www.ecuadoraldia.com.ec\/index.php?rest_route=\/wp\/v2\/media\/15042"}],"wp:attachment":[{"href":"https:\/\/www.ecuadoraldia.com.ec\/index.php?rest_route=%2Fwp%2Fv2%2Fmedia&parent=15041"}],"wp:term":[{"taxonomy":"category","embeddable":true,"href":"https:\/\/www.ecuadoraldia.com.ec\/index.php?rest_route=%2Fwp%2Fv2%2Fcategories&post=15041"},{"taxonomy":"post_tag","embeddable":true,"href":"https:\/\/www.ecuadoraldia.com.ec\/index.php?rest_route=%2Fwp%2Fv2%2Ftags&post=15041"}],"curies":[{"name":"wp","href":"https:\/\/api.w.org\/{rel}","templated":true}]}}