{"id":15046,"date":"2017-06-12T14:46:27","date_gmt":"2017-06-12T19:46:27","guid":{"rendered":"http:\/\/www.ecuadoraldia.com.ec\/?p=15046"},"modified":"2017-06-12T14:46:27","modified_gmt":"2017-06-12T19:46:27","slug":"marun-el-que-tiene-la-conciencia-tranquila-no-tiene-por-que-correr","status":"publish","type":"post","link":"https:\/\/www.ecuadoraldia.com.ec\/?p=15046","title":{"rendered":"Mar\u00fan: El que tiene la conciencia tranquila no tiene por qu\u00e9 correr"},"content":{"rendered":"<p><a href=\"http:\/\/www.ecuadoraldia.com.ec\/wp-content\/uploads\/2017\/06\/maun.jpg\"><img loading=\"lazy\" decoding=\"async\" class=\"alignleft size-medium wp-image-15047\" src=\"http:\/\/www.ecuadoraldia.com.ec\/wp-content\/uploads\/2017\/06\/maun-300x259.jpg\" alt=\"\" width=\"300\" height=\"259\" srcset=\"https:\/\/www.ecuadoraldia.com.ec\/wp-content\/uploads\/2017\/06\/maun-300x259.jpg 300w, https:\/\/www.ecuadoraldia.com.ec\/wp-content\/uploads\/2017\/06\/maun.jpg 570w\" sizes=\"(max-width: 300px) 100vw, 300px\" \/><\/a>Babahoyo.- Seg\u00fan varios medios de comunicaci\u00f3n del pa\u00eds, en la documentaci\u00f3n de contrataci\u00f3n p\u00fablica e informes de Contralor\u00eda relacionados al esc\u00e1ndalo sobre la vinculaci\u00f3n en las coimas que entregaba Odebrecht, se mencionaba el nombre del babahoyense Jorge Manuel Mar\u00fan, exministro de Obras P\u00fablicas del r\u00e9gimen de Rafael Correa, desde noviembre del 2007 hasta julio del 2009.<br \/>\nSe expone que el exfuncionario habr\u00eda firmado un contrato para la ejecuci\u00f3n por parte del Odebrecht del aeropuerto de Tena por 34 millones de d\u00f3lares.<\/p>\n<p>Al respecto, Mar\u00fan aclar\u00f3 que ese contrato \u00e9l lo firm\u00f3, pero no directamente con Odebrecht, sino con el Consorcio Tena que estaba compuesto por Odebrecht y por una empresa propiedad de Michel Deller.<\/p>\n<p>El exministro sostuvo que hay malquerientes que buscan inventar cosas para desprestigiarlo. \u201cSi me invitan a la Contralor\u00eda, Fiscal\u00eda ir\u00e9. El que tiene la conciencia tranquila no tiene por qu\u00e9 correr, ni esconderse ni ponerse nervioso. Estoy s\u00faper tranquilo\u201d, asegur\u00f3. (AL DIA.EC)<\/p>\n","protected":false},"excerpt":{"rendered":"<p>Babahoyo.- Seg\u00fan varios medios de comunicaci\u00f3n del pa\u00eds, en la documentaci\u00f3n de contrataci\u00f3n p\u00fablica e informes de Contralor\u00eda relacionados al<\/p>\n","protected":false},"author":1,"featured_media":15047,"comment_status":"closed","ping_status":"closed","sticky":false,"template":"","format":"standard","meta":{"footnotes":""},"categories":[1],"tags":[],"_links":{"self":[{"href":"https:\/\/www.ecuadoraldia.com.ec\/index.php?rest_route=\/wp\/v2\/posts\/15046"}],"collection":[{"href":"https:\/\/www.ecuadoraldia.com.ec\/index.php?rest_route=\/wp\/v2\/posts"}],"about":[{"href":"https:\/\/www.ecuadoraldia.com.ec\/index.php?rest_route=\/wp\/v2\/types\/post"}],"author":[{"embeddable":true,"href":"https:\/\/www.ecuadoraldia.com.ec\/index.php?rest_route=\/wp\/v2\/users\/1"}],"replies":[{"embeddable":true,"href":"https:\/\/www.ecuadoraldia.com.ec\/index.php?rest_route=%2Fwp%2Fv2%2Fcomments&post=15046"}],"version-history":[{"count":1,"href":"https:\/\/www.ecuadoraldia.com.ec\/index.php?rest_route=\/wp\/v2\/posts\/15046\/revisions"}],"predecessor-version":[{"id":15048,"href":"https:\/\/www.ecuadoraldia.com.ec\/index.php?rest_route=\/wp\/v2\/posts\/15046\/revisions\/15048"}],"wp:featuredmedia":[{"embeddable":true,"href":"https:\/\/www.ecuadoraldia.com.ec\/index.php?rest_route=\/wp\/v2\/media\/15047"}],"wp:attachment":[{"href":"https:\/\/www.ecuadoraldia.com.ec\/index.php?rest_route=%2Fwp%2Fv2%2Fmedia&parent=15046"}],"wp:term":[{"taxonomy":"category","embeddable":true,"href":"https:\/\/www.ecuadoraldia.com.ec\/index.php?rest_route=%2Fwp%2Fv2%2Fcategories&post=15046"},{"taxonomy":"post_tag","embeddable":true,"href":"https:\/\/www.ecuadoraldia.com.ec\/index.php?rest_route=%2Fwp%2Fv2%2Ftags&post=15046"}],"curies":[{"name":"wp","href":"https:\/\/api.w.org\/{rel}","templated":true}]}}