{"id":15049,"date":"2017-06-12T14:52:41","date_gmt":"2017-06-12T19:52:41","guid":{"rendered":"http:\/\/www.ecuadoraldia.com.ec\/?p=15049"},"modified":"2017-06-12T14:52:41","modified_gmt":"2017-06-12T19:52:41","slug":"por-que-los-expertos-advierten-que-hay-una-epidemia-de-miopia-en-el-mundo-y-cual-es-su-origen","status":"publish","type":"post","link":"https:\/\/www.ecuadoraldia.com.ec\/?p=15049","title":{"rendered":"Por qu\u00e9 los expertos advierten que hay una epidemia de miop\u00eda en el mundo y cu\u00e1l es su origen"},"content":{"rendered":"<p><a href=\"http:\/\/www.ecuadoraldia.com.ec\/wp-content\/uploads\/2017\/06\/miopia-lentes-1.jpg\"><img loading=\"lazy\" decoding=\"async\" class=\"alignleft size-medium wp-image-15050\" src=\"http:\/\/www.ecuadoraldia.com.ec\/wp-content\/uploads\/2017\/06\/miopia-lentes-1-300x169.jpg\" alt=\"\" width=\"300\" height=\"169\" srcset=\"https:\/\/www.ecuadoraldia.com.ec\/wp-content\/uploads\/2017\/06\/miopia-lentes-1-300x169.jpg 300w, https:\/\/www.ecuadoraldia.com.ec\/wp-content\/uploads\/2017\/06\/miopia-lentes-1.jpg 660w\" sizes=\"(max-width: 300px) 100vw, 300px\" \/><\/a>El aumento de miop\u00eda en las \u00faltimas d\u00e9cadas ha sido enorme y ahora afecta a la gran mayor\u00eda de los j\u00f3venes en algunos pa\u00edses del este de Asia, como China y Corea del Sur.<\/p>\n<p>Durante los \u00faltimos 50 a\u00f1os se ha duplicado el n\u00famero de personas miopes en el mundo.<\/p>\n<p>Se estima que para 2020 un tercio de la poblaci\u00f3n mundial ser\u00e1 miope y para 2050 lo ser\u00e1 la mitad de la humanidad.<br \/>\n\u201cEstamos en medio de una epidemia global de miop\u00eda\u201c, dijo el doctor Earl Smith, profesor de desarrollo de la visi\u00f3n y decano del Colegio de Optometr\u00eda de la Universidad de Houston, Estados Unidos.<br \/>\nY esa epidemia tiene m\u00e1s incidencia entre los j\u00f3venes del este de Asia, en pa\u00edses como China y corea del Sur, donde afecta ya a casi el 90 por ciento de los estudiantes al acabar la escuela secundaria.<br \/>\nEn otras regiones del mundo aunque las cifras no son tan alarmante la condici\u00f3n avanza.<br \/>\nLa gente que es corta de vista o miope puede ver claramente los objetos que est\u00e1n cerca, pero la vista se les vuelve borrosa cuando enfocan objetos distantes.<\/p>\n<p><a href=\"http:\/\/www.ecuadoraldia.com.ec\/wp-content\/uploads\/2017\/06\/miopia-2.jpg\"><img loading=\"lazy\" decoding=\"async\" class=\"alignleft size-medium wp-image-15052\" src=\"http:\/\/www.ecuadoraldia.com.ec\/wp-content\/uploads\/2017\/06\/miopia-2-300x169.jpg\" alt=\"\" width=\"300\" height=\"169\" srcset=\"https:\/\/www.ecuadoraldia.com.ec\/wp-content\/uploads\/2017\/06\/miopia-2-300x169.jpg 300w, https:\/\/www.ecuadoraldia.com.ec\/wp-content\/uploads\/2017\/06\/miopia-2.jpg 624w\" sizes=\"(max-width: 300px) 100vw, 300px\" \/><\/a><\/p>\n<p>La miop\u00eda est\u00e1 causada por una combinaci\u00f3n de factores gen\u00e9ticos y ambientales que alteran el desarrollo normal del ojo.<\/p>\n<p>La miop\u00eda ocurre cuando el globo ocular crece demasiado y se vuelve m\u00e1s largo de lo normal. Esta condici\u00f3n visual suele manifestarse cuando los ni\u00f1os est\u00e1n en edad escolar y suele empeorar gradualmente hasta que el globo ocular completa su crecimiento.<br \/>\nSi no se detecta y corrige con lentes, la miop\u00eda puede progresar y con el tiempo aumentar significativamente el riesgo de sufrir cataratas, glaucoma, desprendimiento de retina y maculopat\u00eda mi\u00f3pica.<br \/>\nAdem\u00e1s, la miop\u00eda est\u00e1 entre las tres primeras causas de ceguera permanente en el mundo.<br \/>\n\u00bfEst\u00e1s seguro de que ves bien en 3 dimensiones? Te explicamos c\u00f3mo saberlo<br \/>\n\u00bfQu\u00e9 la causa?<\/p>\n<p><a href=\"http:\/\/www.ecuadoraldia.com.ec\/wp-content\/uploads\/2017\/06\/miopia-3.jpg\"><img loading=\"lazy\" decoding=\"async\" class=\"alignleft size-medium wp-image-15051\" src=\"http:\/\/www.ecuadoraldia.com.ec\/wp-content\/uploads\/2017\/06\/miopia-3-300x169.jpg\" alt=\"\" width=\"300\" height=\"169\" srcset=\"https:\/\/www.ecuadoraldia.com.ec\/wp-content\/uploads\/2017\/06\/miopia-3-300x169.jpg 300w, https:\/\/www.ecuadoraldia.com.ec\/wp-content\/uploads\/2017\/06\/miopia-3.jpg 624w\" sizes=\"(max-width: 300px) 100vw, 300px\" \/><\/a><\/p>\n<p>Aunque los expertos creen que la gen\u00e9tica juega un cierto rol al determinar qu\u00e9 personas son m\u00e1s susceptibles de ser miopes, \u201chay algo en nuestro comportamiento y en nuestro ambiente que est\u00e1 contribuyendo al aumento de casos de personas miopes\u201d, asegura el doctor Smith, que hace unos meses recibi\u00f3 una beca de US$1,9 millones precisamente para investigar las causas y las estrategias de tratamiento de la miop\u00eda.<\/p>\n<p>Smith y su equipo est\u00e1n investigando qu\u00e9 factores ambientales, como la exposici\u00f3n a ciertos tipos de luz, pueden tener un impacto sobre el crecimiento del globo ocular que conlleva a la miop\u00eda.<\/p>\n<p>Muchos estudios han demostrado que la gente que pasa m\u00e1s tiempo al aire libre es mucho menos propensa a desarrollar miop\u00eda que la que permanece la mayor parte del d\u00eda entre cuatro paredes.<br \/>\n\u201cLa demanda educacional cada vez m\u00e1s exigente y pasar m\u00e1s tiempo en espacios interiores que exteriores son factores que sabemos que contribuyen a que una persona se vuelva miope\u201d, dijo Smith.<br \/>\n\u201cEn Asia, entre el 80 y el 95% de los j\u00f3venes que terminan la secundaria en las zonas urbanas tienen miop\u00eda y hay evidencias fuertes que tambi\u00e9n est\u00e1 aumentando en Estados Unidos y en Europa\u201d, a\u00f1adi\u00f3 el experto, que es uno de los investigadores l\u00edderes en esta condici\u00f3n visual.<br \/>\nEl pa\u00eds en el que los profesores de secundaria pueden convertirse en famosos millonarios (y donde los alumnos son m\u00e1s infelices)<br \/>\n\u201cEn aquellas situaciones en que hay una expectativa educacional alta es m\u00e1s probable que la gente desarrolle miop\u00eda. Considera a nuestros propios estudiantes de optometr\u00eda como ejemplo: aproximadamente la mitad se vuelve m\u00e1s miope durante los cuatro a\u00f1os de estudios aqu\u00ed\u201d, dijo el profesor de la universidad de Houston.<br \/>\nSmith y su equipo est\u00e1n ahora estudiando qu\u00e9 factores ambientales, como la exposici\u00f3n a ciertos tipos de luz, pueden tener un impacto sobre el crecimiento del globo ocular que conlleva a la miop\u00eda.<br \/>\n\u00bfHay algo que podamos hacer?<\/p>\n<p>La miop\u00eda no tiene cura ni es reversible, pero el uso de gafas correctoras puede detener o ralentizar su progreso.<br \/>\nTambi\u00e9n hay operaciones con l\u00e1ser que alteran la forma del globo ocular para corregirla, aunque estas cirug\u00edas no deben hacerse en ni\u00f1os o j\u00f3venes que todav\u00eda est\u00e1n en proceso de crecimiento.<\/p>\n<p><a href=\"http:\/\/www.ecuadoraldia.com.ec\/wp-content\/uploads\/2017\/06\/miopia-4.jpg\"><img loading=\"lazy\" decoding=\"async\" class=\"alignleft size-medium wp-image-15053\" src=\"http:\/\/www.ecuadoraldia.com.ec\/wp-content\/uploads\/2017\/06\/miopia-4-300x300.jpg\" alt=\"\" width=\"300\" height=\"300\" srcset=\"https:\/\/www.ecuadoraldia.com.ec\/wp-content\/uploads\/2017\/06\/miopia-4-300x300.jpg 300w, https:\/\/www.ecuadoraldia.com.ec\/wp-content\/uploads\/2017\/06\/miopia-4-150x150.jpg 150w, https:\/\/www.ecuadoraldia.com.ec\/wp-content\/uploads\/2017\/06\/miopia-4.jpg 624w\" sizes=\"(max-width: 300px) 100vw, 300px\" \/><\/a><\/p>\n<p>Los expertos coinciden en que animar a los ni\u00f1os a jugar en el exterior puede ayudar a reducir el riesgo de tener miop\u00eda y a que \u00e9sta se desarrolle a un ritmo m\u00e1s lento.<\/p>\n<p>Si quieres tomar medidas para proteger a las nuevas generaciones, la mayor\u00eda de los investigadores, as\u00ed como el servicio brit\u00e1nico de salud p\u00fablica, el NHS, coinciden en que animar a los ni\u00f1os a jugar en el exterior puede ayudar a reducir el riesgo de tener miop\u00eda.<br \/>\nTambi\u00e9n hay estudios que evidencian que al jugar en el exterior la miop\u00eda infantil puede progresar a un ritmo m\u00e1s lento.<br \/>\nLos expertos creen que esto tiene que ver con el hecho de que los niveles de luz en el exterior son mucho m\u00e1s altos que en el interior.<br \/>\nPor otro lado, pasar mucho tiempo enfocando la vista en objetos muy cercanos, como leyendo, escribiendo o usando dispositivos port\u00e1tiles como celulares, tabletas o ordenadores puede aumentar el riesgo de desarrollar miop\u00eda, seg\u00fan el NHS. BBC MUNDO MIOP\u00cdA<\/p>\n","protected":false},"excerpt":{"rendered":"<p>El aumento de miop\u00eda en las \u00faltimas d\u00e9cadas ha sido enorme y ahora afecta a la gran mayor\u00eda de los<\/p>\n","protected":false},"author":1,"featured_media":15050,"comment_status":"closed","ping_status":"closed","sticky":false,"template":"","format":"standard","meta":{"footnotes":""},"categories":[8],"tags":[],"_links":{"self":[{"href":"https:\/\/www.ecuadoraldia.com.ec\/index.php?rest_route=\/wp\/v2\/posts\/15049"}],"collection":[{"href":"https:\/\/www.ecuadoraldia.com.ec\/index.php?rest_route=\/wp\/v2\/posts"}],"about":[{"href":"https:\/\/www.ecuadoraldia.com.ec\/index.php?rest_route=\/wp\/v2\/types\/post"}],"author":[{"embeddable":true,"href":"https:\/\/www.ecuadoraldia.com.ec\/index.php?rest_route=\/wp\/v2\/users\/1"}],"replies":[{"embeddable":true,"href":"https:\/\/www.ecuadoraldia.com.ec\/index.php?rest_route=%2Fwp%2Fv2%2Fcomments&post=15049"}],"version-history":[{"count":1,"href":"https:\/\/www.ecuadoraldia.com.ec\/index.php?rest_route=\/wp\/v2\/posts\/15049\/revisions"}],"predecessor-version":[{"id":15054,"href":"https:\/\/www.ecuadoraldia.com.ec\/index.php?rest_route=\/wp\/v2\/posts\/15049\/revisions\/15054"}],"wp:featuredmedia":[{"embeddable":true,"href":"https:\/\/www.ecuadoraldia.com.ec\/index.php?rest_route=\/wp\/v2\/media\/15050"}],"wp:attachment":[{"href":"https:\/\/www.ecuadoraldia.com.ec\/index.php?rest_route=%2Fwp%2Fv2%2Fmedia&parent=15049"}],"wp:term":[{"taxonomy":"category","embeddable":true,"href":"https:\/\/www.ecuadoraldia.com.ec\/index.php?rest_route=%2Fwp%2Fv2%2Fcategories&post=15049"},{"taxonomy":"post_tag","embeddable":true,"href":"https:\/\/www.ecuadoraldia.com.ec\/index.php?rest_route=%2Fwp%2Fv2%2Ftags&post=15049"}],"curies":[{"name":"wp","href":"https:\/\/api.w.org\/{rel}","templated":true}]}}