{"id":15055,"date":"2017-06-13T08:55:15","date_gmt":"2017-06-13T13:55:15","guid":{"rendered":"http:\/\/www.ecuadoraldia.com.ec\/?p=15055"},"modified":"2017-06-13T08:55:15","modified_gmt":"2017-06-13T13:55:15","slug":"polit-tiene-15-dias-para-defenderse-por-el-caso-odebrecht","status":"publish","type":"post","link":"https:\/\/www.ecuadoraldia.com.ec\/?p=15055","title":{"rendered":"Polit tiene 15 d\u00edas para defenderse por el caso Odebrecht"},"content":{"rendered":"<p><a href=\"http:\/\/www.ecuadoraldia.com.ec\/wp-content\/uploads\/2017\/06\/POLIT31M.jpg\"><img loading=\"lazy\" decoding=\"async\" class=\"alignleft size-medium wp-image-15056\" src=\"http:\/\/www.ecuadoraldia.com.ec\/wp-content\/uploads\/2017\/06\/POLIT31M-300x222.jpg\" alt=\"\" width=\"300\" height=\"222\" srcset=\"https:\/\/www.ecuadoraldia.com.ec\/wp-content\/uploads\/2017\/06\/POLIT31M-300x222.jpg 300w, https:\/\/www.ecuadoraldia.com.ec\/wp-content\/uploads\/2017\/06\/POLIT31M.jpg 607w\" sizes=\"(max-width: 300px) 100vw, 300px\" \/><\/a>Ayer, 12 de junio de 2017, se conoci\u00f3 el pedido de enjuiciamiento y, tras revisar las 70 firmas que apoyan la solicitud y las pruebas presentadas para su calificaci\u00f3n, aprob\u00f3 por unanimidad el inicio del tr\u00e1mite que podr\u00eda durar un m\u00e1ximo de 40 d\u00edas.<\/p>\n<p>Seg\u00fan la Ley de la Funci\u00f3n Legislativa, las partes podr\u00e1n hacer llegar de \u201cforma oral o escrita\u201d las pruebas durante dos semanas. Despu\u00e9s, la comisi\u00f3n tendr\u00e1 cinco d\u00edas m\u00e1s para elaborar un informe. Si lo necesita, podr\u00e1 pedir una pr\u00f3rroga de cinco d\u00edas adicionales para recomendar el archivo del pedido de juicio pol\u00edtico o que este se inicie en el Pleno.<\/p>\n<p>All\u00ed se deber\u00e1 discutir la destituci\u00f3n o absoluci\u00f3n de P\u00f3lit. A la par del tr\u00e1mite de la solicitud de enjuiciamiento, la Comisi\u00f3n de Fiscalizaci\u00f3n deber\u00e1 cumplir con dos de las siete resoluciones que la Asamblea tom\u00f3 para combatir la corrupci\u00f3n e investigar el caso Odebrecht. Se trata de las comparecencias de Baca Mancheno y de los integrantes del Cpccs.<\/p>\n<p>Lo mismo ocurrir\u00e1 con los miembros del Consejo de Participaci\u00f3n, que se prev\u00e9 comparezcan \u201ca inicios de la semana entrante\u201d. Adem\u00e1s, con la resoluci\u00f3n del Pleno se form\u00f3 una delegaci\u00f3n de siete legisladores de distintas bancadas que viajar\u00e1 a \u201cBrasil, Estados Unidos y los pa\u00edses que considere pertinentes\u201d a buscar informaci\u00f3n relevante para el caso de corrupci\u00f3n que involucra a la constructora brasile\u00f1a y a funcionarios p\u00fablicos.<\/p>\n<p>Mar\u00eda Jos\u00e9 Carri\u00f3n, Presidente de la Comisi\u00f3n de Fiscalizaci\u00f3n y Control Pol\u00edtico, aclar\u00f3 que el organismo de control se volver\u00e1 a reunir hoy, 13 de junio, a las 16:00 en el Palacio Legislativo. El \u00fanico punto en el orden del d\u00eda es la continuaci\u00f3n del tratamiento de la solicitud de juicio pol\u00edtico a Carlos P\u00f3lit. Est\u00e1 previsto que en este encuentro se defina el cronograma de las comparecencias.<\/p>\n<p>En la n\u00f3mna de comparesencias constan cinco funcionarios y exfuncionarios comparecer\u00e1n ante la Comisi\u00f3n de Fiscalizaci\u00f3n de la Asamblea Nacional, en medio del tr\u00e1mite de la solicitud de juicio pol\u00edtico al contralor general del Estado, Carlos P\u00f3lit.<\/p>\n","protected":false},"excerpt":{"rendered":"<p>Ayer, 12 de junio de 2017, se conoci\u00f3 el pedido de enjuiciamiento y, tras revisar las 70 firmas que apoyan<\/p>\n","protected":false},"author":1,"featured_media":15056,"comment_status":"closed","ping_status":"closed","sticky":false,"template":"","format":"standard","meta":{"footnotes":""},"categories":[3],"tags":[],"_links":{"self":[{"href":"https:\/\/www.ecuadoraldia.com.ec\/index.php?rest_route=\/wp\/v2\/posts\/15055"}],"collection":[{"href":"https:\/\/www.ecuadoraldia.com.ec\/index.php?rest_route=\/wp\/v2\/posts"}],"about":[{"href":"https:\/\/www.ecuadoraldia.com.ec\/index.php?rest_route=\/wp\/v2\/types\/post"}],"author":[{"embeddable":true,"href":"https:\/\/www.ecuadoraldia.com.ec\/index.php?rest_route=\/wp\/v2\/users\/1"}],"replies":[{"embeddable":true,"href":"https:\/\/www.ecuadoraldia.com.ec\/index.php?rest_route=%2Fwp%2Fv2%2Fcomments&post=15055"}],"version-history":[{"count":1,"href":"https:\/\/www.ecuadoraldia.com.ec\/index.php?rest_route=\/wp\/v2\/posts\/15055\/revisions"}],"predecessor-version":[{"id":15057,"href":"https:\/\/www.ecuadoraldia.com.ec\/index.php?rest_route=\/wp\/v2\/posts\/15055\/revisions\/15057"}],"wp:featuredmedia":[{"embeddable":true,"href":"https:\/\/www.ecuadoraldia.com.ec\/index.php?rest_route=\/wp\/v2\/media\/15056"}],"wp:attachment":[{"href":"https:\/\/www.ecuadoraldia.com.ec\/index.php?rest_route=%2Fwp%2Fv2%2Fmedia&parent=15055"}],"wp:term":[{"taxonomy":"category","embeddable":true,"href":"https:\/\/www.ecuadoraldia.com.ec\/index.php?rest_route=%2Fwp%2Fv2%2Fcategories&post=15055"},{"taxonomy":"post_tag","embeddable":true,"href":"https:\/\/www.ecuadoraldia.com.ec\/index.php?rest_route=%2Fwp%2Fv2%2Ftags&post=15055"}],"curies":[{"name":"wp","href":"https:\/\/api.w.org\/{rel}","templated":true}]}}