{"id":15058,"date":"2017-06-13T09:01:05","date_gmt":"2017-06-13T14:01:05","guid":{"rendered":"http:\/\/www.ecuadoraldia.com.ec\/?p=15058"},"modified":"2017-06-13T09:01:05","modified_gmt":"2017-06-13T14:01:05","slug":"jairala-plantea-eliminacion-de-supercom-y-cordicom","status":"publish","type":"post","link":"https:\/\/www.ecuadoraldia.com.ec\/?p=15058","title":{"rendered":"Jairala  plantea eliminaci\u00f3n de Supercom y Cordicom"},"content":{"rendered":"<p><a href=\"http:\/\/www.ecuadoraldia.com.ec\/wp-content\/uploads\/2017\/06\/centro-democratico.jpg\"><img loading=\"lazy\" decoding=\"async\" class=\"alignleft size-medium wp-image-15059\" src=\"http:\/\/www.ecuadoraldia.com.ec\/wp-content\/uploads\/2017\/06\/centro-democratico-300x199.jpg\" alt=\"\" width=\"300\" height=\"199\" srcset=\"https:\/\/www.ecuadoraldia.com.ec\/wp-content\/uploads\/2017\/06\/centro-democratico-300x199.jpg 300w, https:\/\/www.ecuadoraldia.com.ec\/wp-content\/uploads\/2017\/06\/centro-democratico-768x510.jpg 768w, https:\/\/www.ecuadoraldia.com.ec\/wp-content\/uploads\/2017\/06\/centro-democratico.jpg 1024w\" sizes=\"(max-width: 300px) 100vw, 300px\" \/><\/a>Martes, 13 de Junio de 2017. La propuesta de reforma a la Ley de Comunicaci\u00f3n ideada por el movimiento Centro Democr\u00e1tico plantea la eliminaci\u00f3n de la Superintendencia de Informaci\u00f3n (Supercom) y el Consejo de Regulaci\u00f3n (Cordicom). Tambi\u00e9n anota la supresi\u00f3n legal de la figura de linchamiento medi\u00e1tico.<\/p>\n<p>Cuando Centro Democr\u00e1tico anunci\u00f3 que elaborar\u00eda este proyecto, sus dirigentes se mostraron muy cercanos a la propuesta del presidente, Len\u00edn Moreno, sobre bajar el car\u00e1cter punitivo de la cuestionada Ley y se lleg\u00f3 a decir incluso que esta propuesta era un encargo directo de Moreno.<\/p>\n<p>La propuesta del movimiento del prefecto de Guayas, Jimmy Jairala, fue dada a conocer ayer durante una reuni\u00f3n de trabajo y despu\u00e9s de varios meses de recopilaci\u00f3n de insumos. El documento tiene m\u00e1s de 100 articulados.<\/p>\n<p>El proyecto, seg\u00fan la exposici\u00f3n de Nathaly Toledo, dirigente del movimiento, fue socializado con gremios de 16 provincias y periodistas. Seg\u00fan la representante, hubo coincidencias en la eliminaci\u00f3n de la parte punitiva de la Ley.<\/p>\n<p>De acuerdo con la propuesta, la Supercom y el Cordicom ser\u00edan reemplazados por un Consejo de Promoci\u00f3n y Protecci\u00f3n de la Libertad de Expresi\u00f3n, que se conformar\u00eda de por 11 delegados del Ejecutivo, Consejos de Igualdad, Participaci\u00f3n Ciudadana, Ministerio de Telecomunicaciones, Defensor\u00eda del Pueblo, medios de comunicaci\u00f3n, realizadores audiovisuales y catedr\u00e1ticos de las facultades del pa\u00eds. \u201cEste Consejo tiene el total equilibrio para responder a un car\u00e1cter t\u00e9cnico y no pol\u00edtico, ni econ\u00f3mico\u201d, aclar\u00f3.<\/p>\n<p>Explic\u00f3 que el ente contar\u00e1 con dos comisiones: una de protecci\u00f3n al derecho de la comunicaci\u00f3n y otra de promoci\u00f3n al derecho de la comunicaci\u00f3n. No actuar\u00e1n de oficio, sino que proceder\u00e1n una vez que haya una denuncia ante el defensor de audiencia.<\/p>\n<p>Detalles<\/p>\n<p>Tambi\u00e9n garantizar\u00e1 la investigaci\u00f3n period\u00edstica con unidades que se inscribir\u00e1n ante el consejo futuro. \u201cEl consejo no aprobar\u00e1 el trabajo period\u00edstico como tal, pero el medio inscribe a su unidad de trabajo de investigaci\u00f3n\u201d, explic\u00f3.<\/p>\n<p>Respecto de la figura de linchamiento medi\u00e1tico, Jairala agreg\u00f3 que en la propuesta no existe la figura del linchamiento medi\u00e1tico y puntualiz\u00f3 que se est\u00e1n buscando los canales necesarios para que tenga acogida por la mayor\u00eda de legisladores en la Asamblea.<\/p>\n<p>Francisco Rocha, presidente de la Asociaci\u00f3n Ecuatoriana de Editores de Peri\u00f3dicos (Aedep), consider\u00f3 la propuesta como un avance que se debe sumar desde la plataforma de Derechos Humanos, que es donde se ubica la entidad que preside. \u201cEs un paso importante que demuestra que hay un consenso en la sociedad para, por lo menos, de no sustituirse esta Ley, reformarla sustancialmente\u201d, indic\u00f3.<\/p>\n<p>El directivo explic\u00f3 que \u00e9l est\u00e1 de acuerdo con la construcci\u00f3n de una nueva Ley de Comunicaci\u00f3n, no juzgadora, pero s\u00ed promotora de derechos. \u201cTodas las iniciativas revelan la necesidad de tratar el tema de la Ley de Comunicaci\u00f3n con urgencia. Estoy de acuerdo con las propuestas y creer\u00eda que estas se deben homogenizar con los convenios internacionales que forman parte de nuestra legislaci\u00f3n\u201d, explic\u00f3.<\/p>\n<p>Destac\u00f3 que los esfuerzos habr\u00e1 que juntarlos para que se pueda tramitar un proyecto sustitutivo o de reforma.<\/p>\n<p>Rocha salud\u00f3 que las iniciativas vengan de todos los sectores y sostuvo que en el caso de la Superintendencia, es preciso reconocer que como ingres\u00f3 en el segundo debate, no cumpli\u00f3 con todo el proceso. \u201cAl igual que Centro Democr\u00e1tico creemos que debe desaparecer (la Supercom)\u201d, dijo al tiempo de insistir en que se debe construir una ley sustitutiva no juzgadora.<\/p>\n<p>LAS CIFRAS<\/p>\n<p>100 art\u00edculos tiene la propuesta de reforma.<\/p>\n<p>16 provincias habr\u00edan sido parte del debate.<\/p>\n<p>11 delegados tendr\u00eda el Ejectivo en el tema.(Tomado de la Hora -Foto internet)<\/p>\n","protected":false},"excerpt":{"rendered":"<p>Martes, 13 de Junio de 2017. La propuesta de reforma a la Ley de Comunicaci\u00f3n ideada por el movimiento Centro<\/p>\n","protected":false},"author":1,"featured_media":15059,"comment_status":"closed","ping_status":"closed","sticky":false,"template":"","format":"standard","meta":{"footnotes":""},"categories":[3],"tags":[],"_links":{"self":[{"href":"https:\/\/www.ecuadoraldia.com.ec\/index.php?rest_route=\/wp\/v2\/posts\/15058"}],"collection":[{"href":"https:\/\/www.ecuadoraldia.com.ec\/index.php?rest_route=\/wp\/v2\/posts"}],"about":[{"href":"https:\/\/www.ecuadoraldia.com.ec\/index.php?rest_route=\/wp\/v2\/types\/post"}],"author":[{"embeddable":true,"href":"https:\/\/www.ecuadoraldia.com.ec\/index.php?rest_route=\/wp\/v2\/users\/1"}],"replies":[{"embeddable":true,"href":"https:\/\/www.ecuadoraldia.com.ec\/index.php?rest_route=%2Fwp%2Fv2%2Fcomments&post=15058"}],"version-history":[{"count":1,"href":"https:\/\/www.ecuadoraldia.com.ec\/index.php?rest_route=\/wp\/v2\/posts\/15058\/revisions"}],"predecessor-version":[{"id":15060,"href":"https:\/\/www.ecuadoraldia.com.ec\/index.php?rest_route=\/wp\/v2\/posts\/15058\/revisions\/15060"}],"wp:featuredmedia":[{"embeddable":true,"href":"https:\/\/www.ecuadoraldia.com.ec\/index.php?rest_route=\/wp\/v2\/media\/15059"}],"wp:attachment":[{"href":"https:\/\/www.ecuadoraldia.com.ec\/index.php?rest_route=%2Fwp%2Fv2%2Fmedia&parent=15058"}],"wp:term":[{"taxonomy":"category","embeddable":true,"href":"https:\/\/www.ecuadoraldia.com.ec\/index.php?rest_route=%2Fwp%2Fv2%2Fcategories&post=15058"},{"taxonomy":"post_tag","embeddable":true,"href":"https:\/\/www.ecuadoraldia.com.ec\/index.php?rest_route=%2Fwp%2Fv2%2Ftags&post=15058"}],"curies":[{"name":"wp","href":"https:\/\/api.w.org\/{rel}","templated":true}]}}