{"id":15070,"date":"2017-06-14T10:48:42","date_gmt":"2017-06-14T15:48:42","guid":{"rendered":"http:\/\/www.ecuadoraldia.com.ec\/?p=15070"},"modified":"2017-06-14T11:10:37","modified_gmt":"2017-06-14T16:10:37","slug":"granda-mantuvo-su-primera-reunion-de-trabajo-con-transportistas","status":"publish","type":"post","link":"https:\/\/www.ecuadoraldia.com.ec\/?p=15070","title":{"rendered":"Transportistas y Ministro Pa\u00fal Granda en primera reuni\u00f3n"},"content":{"rendered":"<p><a href=\"http:\/\/www.ecuadoraldia.com.ec\/wp-content\/uploads\/2017\/06\/Transportistas-y-Ministro.jpg\"><img loading=\"lazy\" decoding=\"async\" class=\"alignleft size-medium wp-image-15071\" src=\"http:\/\/www.ecuadoraldia.com.ec\/wp-content\/uploads\/2017\/06\/Transportistas-y-Ministro-300x199.jpg\" alt=\"\" width=\"300\" height=\"199\" srcset=\"https:\/\/www.ecuadoraldia.com.ec\/wp-content\/uploads\/2017\/06\/Transportistas-y-Ministro-300x199.jpg 300w, https:\/\/www.ecuadoraldia.com.ec\/wp-content\/uploads\/2017\/06\/Transportistas-y-Ministro.jpg 680w\" sizes=\"(max-width: 300px) 100vw, 300px\" \/><\/a>Quito,13-06-2017.\u00a0El\u00a0Dr. Pa\u00fal Granda, Ministro de Transporte y Obras P\u00fablicas, autoridades de la Agencia Nacional de Tr\u00e1nsito (ANT), y las m\u00e1ximas autoridades de la transportaci\u00f3n del Pa\u00eds, (12 Federaciones), mantuvieron su primera reuni\u00f3n de trabajo con el objeto de evaluar los modelos de gesti\u00f3n en infraestructura vial, y diversos temas de inter\u00e9s \u00a0gremial.<\/p>\n<p>El ministro, \u00a0reiter\u00f3 el compromiso de trabajar bajo un modelo de gesti\u00f3n que permita realizar un mantenimiento permanente en materia de vialidad, salvaguardando la inversi\u00f3n que se ha realizado durante los \u00faltimos 10 a\u00f1os de gobierno, la cual asciende a un monto de 10 millones de d\u00f3lares.<\/p>\n<p>Pa\u00fal Granda destac\u00f3 que \u201cLas carreteras no son solamente infraestructura, la visi\u00f3n de este gobierno es que las v\u00edas son desarrollo, espacios de trabajo, conectividad; las carreteras nos acercan a nuestras familias y con esto podemos vivir con dignidad\u201d, asegur\u00f3.<br \/>\nDurante este di\u00e1logo los transportistas dieron la bienvenida al Ministro, manifestando su apoyo y compromiso de trabajo.<\/p>\n<p>El Ministro de Transporte y Obras P\u00fablicas, Pa\u00fal Granda, dio a conocer los cuatro pilares de trabajo en los que se basar\u00e1 su gesti\u00f3n.<\/p>\n<p>El primero de ellos ser\u00e1 desarrollar modelos de gesti\u00f3n para tener una infraestructura vial en \u00f3ptimas condiciones, con un mantenimiento adecuado que permita maximizar la vida \u00fatil de las carreteras que tiene el pa\u00eds.<\/p>\n<p>El segundo pilar ser\u00e1 concluir los anillos viales, invirtiendo en aquellos sectores donde es necesario e imprescindible los trabajos que permitan tener una Red Vial Estatal transitable, proyecto que se trabajar\u00e1 con el sector privado bajo el sistema de Alianzas P\u00fablico Privadas.<\/p>\n<p>En el tercer pilar se fundamentar\u00e1 en la necesidad de definir una Pol\u00edtica P\u00fablica para la implementaci\u00f3n de Sistemas de Transporte P\u00fablico eficientes, de calidad y seguros para los usuarios del servicio urbano.<\/p>\n<p>El cuarto pilar, se enmarca en la seguridad vial. \u00a0\u201cEs necesario implementar una cultura de manejo, administraci\u00f3n de infraestructuras, donde preservemos por sobre todas las cosas la seguridad de las personas\u201d. Para esto recalc\u00f3 que adem\u00e1s se realizar\u00e1 un trabajo intenso con la Agencia Nacional de Tr\u00e1nsito (ANT).<\/p>\n<p>Abel G\u00f3mez, presidente de la Federaci\u00f3n Nacional de Cooperativas de Transporte P\u00fablico de pasajeros del Ecuador \u00a0(FENACOTIP), se\u00f1al\u00f3 que la Organizaci\u00f3n que \u00a0representa pone a su disposici\u00f3n todo el apoyo necesario para construir un mejor pa\u00eds\u201d, considerando que la transportaci\u00f3n en todas sus modalidades constituyen el principal eje de desarrollo del Pa\u00eds.<\/p>\n<p>Nelson Ch\u00e1vez, representante de Camara Nacional de Transporte, CANASTRAPE, agradeci\u00f3 al Ministro \u00a0Pa\u00fal Granda, por la apertura con el sector transportista, y la acci\u00f3n conjunta de las autoridades.<\/p>\n<p>Napole\u00f3n Cabrera, Presidente de FENACOTRALI, mencion\u00f3 \u201cSu experiencia y gesti\u00f3n nos dan una gran visi\u00f3n de la calidad de su trabajo\u201d.<\/p>\n<p>El encuentro concluy\u00f3 con el compromiso entre el Ministro de Transporte y Obras P\u00fablicas y los transportistas, con el claro objetivo de obtener resultados positivos al corto, mediano y largo plazo en beneficio de la vialidad del pa\u00eds. \/mtop y Ecuadoraldia.<\/p>\n","protected":false},"excerpt":{"rendered":"<p>Quito,13-06-2017.\u00a0El\u00a0Dr. Pa\u00fal Granda, Ministro de Transporte y Obras P\u00fablicas, autoridades de la Agencia Nacional de Tr\u00e1nsito (ANT), y las m\u00e1ximas<\/p>\n","protected":false},"author":1,"featured_media":15071,"comment_status":"closed","ping_status":"closed","sticky":false,"template":"","format":"standard","meta":{"footnotes":""},"categories":[11],"tags":[],"_links":{"self":[{"href":"https:\/\/www.ecuadoraldia.com.ec\/index.php?rest_route=\/wp\/v2\/posts\/15070"}],"collection":[{"href":"https:\/\/www.ecuadoraldia.com.ec\/index.php?rest_route=\/wp\/v2\/posts"}],"about":[{"href":"https:\/\/www.ecuadoraldia.com.ec\/index.php?rest_route=\/wp\/v2\/types\/post"}],"author":[{"embeddable":true,"href":"https:\/\/www.ecuadoraldia.com.ec\/index.php?rest_route=\/wp\/v2\/users\/1"}],"replies":[{"embeddable":true,"href":"https:\/\/www.ecuadoraldia.com.ec\/index.php?rest_route=%2Fwp%2Fv2%2Fcomments&post=15070"}],"version-history":[{"count":6,"href":"https:\/\/www.ecuadoraldia.com.ec\/index.php?rest_route=\/wp\/v2\/posts\/15070\/revisions"}],"predecessor-version":[{"id":15077,"href":"https:\/\/www.ecuadoraldia.com.ec\/index.php?rest_route=\/wp\/v2\/posts\/15070\/revisions\/15077"}],"wp:featuredmedia":[{"embeddable":true,"href":"https:\/\/www.ecuadoraldia.com.ec\/index.php?rest_route=\/wp\/v2\/media\/15071"}],"wp:attachment":[{"href":"https:\/\/www.ecuadoraldia.com.ec\/index.php?rest_route=%2Fwp%2Fv2%2Fmedia&parent=15070"}],"wp:term":[{"taxonomy":"category","embeddable":true,"href":"https:\/\/www.ecuadoraldia.com.ec\/index.php?rest_route=%2Fwp%2Fv2%2Fcategories&post=15070"},{"taxonomy":"post_tag","embeddable":true,"href":"https:\/\/www.ecuadoraldia.com.ec\/index.php?rest_route=%2Fwp%2Fv2%2Ftags&post=15070"}],"curies":[{"name":"wp","href":"https:\/\/api.w.org\/{rel}","templated":true}]}}