{"id":15078,"date":"2017-06-16T12:22:29","date_gmt":"2017-06-16T17:22:29","guid":{"rendered":"http:\/\/www.ecuadoraldia.com.ec\/?p=15078"},"modified":"2017-06-16T12:22:29","modified_gmt":"2017-06-16T17:22:29","slug":"baca-expone-en-la-comision-de-fiscalizacion-avances-sobre-el-caso-odebrecht","status":"publish","type":"post","link":"https:\/\/www.ecuadoraldia.com.ec\/?p=15078","title":{"rendered":"Baca expone en la Comisi\u00f3n de Fiscalizaci\u00f3n avances sobre el caso Odebrecht"},"content":{"rendered":"<p><a href=\"http:\/\/www.ecuadoraldia.com.ec\/wp-content\/uploads\/2017\/06\/fiscal_baca.jpg\"><img loading=\"lazy\" decoding=\"async\" class=\"alignleft size-medium wp-image-15079\" src=\"http:\/\/www.ecuadoraldia.com.ec\/wp-content\/uploads\/2017\/06\/fiscal_baca-300x175.jpg\" alt=\"\" width=\"300\" height=\"175\" srcset=\"https:\/\/www.ecuadoraldia.com.ec\/wp-content\/uploads\/2017\/06\/fiscal_baca-300x175.jpg 300w, https:\/\/www.ecuadoraldia.com.ec\/wp-content\/uploads\/2017\/06\/fiscal_baca.jpg 580w\" sizes=\"(max-width: 300px) 100vw, 300px\" \/><\/a>El fiscal general del Estado, Carlos Baca, inform\u00f3 a la Comisi\u00f3n de Fiscalizaci\u00f3n de la Asamblea Nacional sobre los avances en las investigaciones desde Ecuador por la trama de corrupci\u00f3n en la que est\u00e1 involucrada la empresa brasile\u00f1a Odebrecht y los primeros pasos para encausar a los implicados en el pa\u00eds.<\/p>\n<p>Baca inici\u00f3 su comparecencia recordando que las investigaciones por el caso Odebrecht inician con el caso de corrupci\u00f3n Lava jato y las indagaciones emprendidas en Brasil, y precis\u00f3 que la Fiscal\u00eda tiene abiertos cinco expedientes en el caso: por lavado de activos; por asociaci\u00f3n il\u00edcita; por cohecho y concusi\u00f3n<\/p>\n<p>Lea: Operativos en caso Odebrecht evidencian compromiso de lucha contra la corrupci\u00f3n en Ecuador<\/p>\n<p>Indic\u00f3 que el caso Odebrecht no se origina en Ecuador sino en Brasil e involucra a m\u00e1s pa\u00edses, por lo que la investigaci\u00f3n emprendida requiere de una cooperaci\u00f3n judicial en el marco de delitos transnacionales<\/p>\n<p>Mucha de la informaci\u00f3n recibida por Fiscal\u00eda debe investigarse y debe ser contrastada con la informaci\u00f3n de otros pa\u00edses. \u201cDebe ser tratada de forma responsable\u201d, enfatiz\u00f3 el Fiscal.<\/p>\n<p>Reiter\u00f3 que Odebrecht y las autoridades judiciales de Brasil firmaron un acuerdo, en el que se establece un sigilo de la informaci\u00f3n de las investigaciones, por el lapso de un a\u00f1o para autoridades judiciales de otros pa\u00edses<\/p>\n<p>Apunt\u00f3 que en enero pasado el exfiscal Galo Chiriboga inici\u00f3 la conversaciones con esa empresa brasile\u00f1a para alcanzar un acuerdo de cooperaci\u00f3n eficaz, el cual firm\u00f3 m\u00e1s recientemente el actual Fiscal, sin embargo, este tiene un car\u00e1cter reservado por disposici\u00f3n legal.<\/p>\n<p>Este convenio no establece inmunidad a ninguna persona y establece que Fiscal\u00eda pueda acceder de manera directa a todas las evidencias producidas en Brasil y permite que los cooperadores participen en todas las fases del proceso.<\/p>\n<p>Lea: Fiscal subrogante de Ecuador desmiente que exista acuerdo de inmunidad con Odebrecht<\/p>\n<p>Adem\u00e1s, el convenio no representa reparaciones de parte del Estado y queda claro que en el caso de que se pueda adelantar un acuerdo de reparaci\u00f3n econ\u00f3mica alrededor de estos hechos, Fiscal\u00eda dar\u00e1 toda su colaboraci\u00f3n para que el Procurador del Estado establezca el monto.<\/p>\n","protected":false},"excerpt":{"rendered":"<p>El fiscal general del Estado, Carlos Baca, inform\u00f3 a la Comisi\u00f3n de Fiscalizaci\u00f3n de la Asamblea Nacional sobre los avances<\/p>\n","protected":false},"author":1,"featured_media":15079,"comment_status":"closed","ping_status":"closed","sticky":false,"template":"","format":"standard","meta":{"footnotes":""},"categories":[3],"tags":[],"_links":{"self":[{"href":"https:\/\/www.ecuadoraldia.com.ec\/index.php?rest_route=\/wp\/v2\/posts\/15078"}],"collection":[{"href":"https:\/\/www.ecuadoraldia.com.ec\/index.php?rest_route=\/wp\/v2\/posts"}],"about":[{"href":"https:\/\/www.ecuadoraldia.com.ec\/index.php?rest_route=\/wp\/v2\/types\/post"}],"author":[{"embeddable":true,"href":"https:\/\/www.ecuadoraldia.com.ec\/index.php?rest_route=\/wp\/v2\/users\/1"}],"replies":[{"embeddable":true,"href":"https:\/\/www.ecuadoraldia.com.ec\/index.php?rest_route=%2Fwp%2Fv2%2Fcomments&post=15078"}],"version-history":[{"count":2,"href":"https:\/\/www.ecuadoraldia.com.ec\/index.php?rest_route=\/wp\/v2\/posts\/15078\/revisions"}],"predecessor-version":[{"id":15081,"href":"https:\/\/www.ecuadoraldia.com.ec\/index.php?rest_route=\/wp\/v2\/posts\/15078\/revisions\/15081"}],"wp:featuredmedia":[{"embeddable":true,"href":"https:\/\/www.ecuadoraldia.com.ec\/index.php?rest_route=\/wp\/v2\/media\/15079"}],"wp:attachment":[{"href":"https:\/\/www.ecuadoraldia.com.ec\/index.php?rest_route=%2Fwp%2Fv2%2Fmedia&parent=15078"}],"wp:term":[{"taxonomy":"category","embeddable":true,"href":"https:\/\/www.ecuadoraldia.com.ec\/index.php?rest_route=%2Fwp%2Fv2%2Fcategories&post=15078"},{"taxonomy":"post_tag","embeddable":true,"href":"https:\/\/www.ecuadoraldia.com.ec\/index.php?rest_route=%2Fwp%2Fv2%2Ftags&post=15078"}],"curies":[{"name":"wp","href":"https:\/\/api.w.org\/{rel}","templated":true}]}}